{"id":53679,"date":"2022-06-01T18:40:54","date_gmt":"2022-06-01T18:40:54","guid":{"rendered":"http:\/\/www.latempete.info\/?p=53679"},"modified":"2022-06-01T18:40:58","modified_gmt":"2022-06-01T18:40:58","slug":"a-loccasion-du-festival-de-theatre-ca-se-passe-a-kin-presentation-de-la-piece-guyane-mille-guyanes","status":"publish","type":"post","link":"http:\/\/www.latempete.info\/?p=53679","title":{"rendered":"A l&rsquo;occasion du Festival de th\u00e9\u00e2tre \u00a0\u00bb \u00c7a se passe \u00e0 Kin \u00ab\u00a0: pr\u00e9sentation de la pi\u00e8ce \u00ab\u00a0Guyane, mille guyanes\u00a0\u00bb"},"content":{"rendered":"\n<p><br>Par YHR<\/p>\n\n\n\n<p>La Petite Halle de l&rsquo;Institut Fran\u00e7ais de Kinshasa sert de cadre \u00e0 trois repr\u00e9sentations, dans le cadre de la nouvelle \u00e9dition du Festival de th\u00e9\u00e2tre \u00a0\u00bb \u00c7a se passe \u00e0 Kin \u00ab\u00a0, qui a lieu du 1er au 6 juin. Cela, \u00e0 l&rsquo;occasion de cette manifestation culturelle, cr\u00e9\u00e9 par le Tarmac des Auteurs.<\/p>\n\n\n\n<p>Le public peut d\u00e9couvrir du Jeudi 02 au Samedi 04 Juin, en entr\u00e9e gratuite, la pi\u00e8ce de th\u00e9\u00e2tre \u00a0\u00bb Guyane, mille guyanes\u00a0\u00bb.<br>Dans cet opus de David Merour , sur une mise en sc\u00e8ne d&rsquo;Abdon Fortun\u00e9 Koumbha, il est question de l&rsquo;arriv\u00e9e du narrateur en Guyane, il y a 18 ans, et de la d\u00e9couverte d&rsquo;un pays aux cultures multiples\u2026 <\/p>\n\n\n\n<p>la pi\u00e8ce continue avec la description d&rsquo;une galerie de personnages divers, qui se c\u00f4toient, puisqu&rsquo;ils vivent sur le m\u00eame territoire, mais sans le savoir.<\/p>\n","protected":false},"excerpt":{"rendered":"<p>Par YHR La Petite Halle de l&rsquo;Institut Fran\u00e7ais de Kinshasa sert de cadre \u00e0 trois repr\u00e9sentations, dans le cadre de la nouvelle \u00e9dition du Festival de th\u00e9\u00e2tre \u00a0\u00bb \u00c7a se passe \u00e0 Kin \u00ab\u00a0, qui a lieu du 1er au 6 juin. Cela, \u00e0 l&rsquo;occasion de cette manifestation culturelle, cr\u00e9\u00e9 par le Tarmac des Auteurs. [&hellip;]<\/p>\n","protected":false},"author":1,"featured_media":0,"comment_status":"closed","ping_status":"closed","sticky":false,"template":"","format":"standard","meta":{"footnotes":""},"categories":[126,8,134],"tags":[],"class_list":["post-53679","post","type-post","status-publish","format-standard","hentry","category-cinema","category-culture-media","category-la-tempete-des-tropiques"],"_links":{"self":[{"href":"http:\/\/www.latempete.info\/index.php?rest_route=\/wp\/v2\/posts\/53679"}],"collection":[{"href":"http:\/\/www.latempete.info\/index.php?rest_route=\/wp\/v2\/posts"}],"about":[{"href":"http:\/\/www.latempete.info\/index.php?rest_route=\/wp\/v2\/types\/post"}],"author":[{"embeddable":true,"href":"http:\/\/www.latempete.info\/index.php?rest_route=\/wp\/v2\/users\/1"}],"replies":[{"embeddable":true,"href":"http:\/\/www.latempete.info\/index.php?rest_route=%2Fwp%2Fv2%2Fcomments&post=53679"}],"version-history":[{"count":1,"href":"http:\/\/www.latempete.info\/index.php?rest_route=\/wp\/v2\/posts\/53679\/revisions"}],"predecessor-version":[{"id":53680,"href":"http:\/\/www.latempete.info\/index.php?rest_route=\/wp\/v2\/posts\/53679\/revisions\/53680"}],"wp:attachment":[{"href":"http:\/\/www.latempete.info\/index.php?rest_route=%2Fwp%2Fv2%2Fmedia&parent=53679"}],"wp:term":[{"taxonomy":"category","embeddable":true,"href":"http:\/\/www.latempete.info\/index.php?rest_route=%2Fwp%2Fv2%2Fcategories&post=53679"},{"taxonomy":"post_tag","embeddable":true,"href":"http:\/\/www.latempete.info\/index.php?rest_route=%2Fwp%2Fv2%2Ftags&post=53679"}],"curies":[{"name":"wp","href":"https:\/\/api.w.org\/{rel}","templated":true}]}}