{"id":54652,"date":"2022-07-19T09:28:54","date_gmt":"2022-07-19T09:28:54","guid":{"rendered":"http:\/\/www.latempete.info\/?p=54652"},"modified":"2022-07-19T09:28:58","modified_gmt":"2022-07-19T09:28:58","slug":"desormais-ex-societaire-de-ludps-jean-marc-kabund-risque-une-mort-politique","status":"publish","type":"post","link":"http:\/\/www.latempete.info\/?p=54652","title":{"rendered":"D\u00e9sormais ex soci\u00e9taire de l&rsquo;UDPS: Jean-Marc Kabund risque une mort politique"},"content":{"rendered":"\n<p><br>Par MKM<\/p>\n\n\n\n<p>Au cours de sa sortie m\u00e9diatique hier lundi 18 juillet 2022, Jean-Marc Kabund a Kabund a annonc\u00e9 son d\u00e9part de l&rsquo;Union pour la D\u00e9mocratie et le Progr\u00e8s Social (UDPS), parti pr\u00e9sidentiel qui l&rsquo;a propuls\u00e9 au devant de la sc\u00e8ne politique en RDC. Il a, par la m\u00eame occasion, lanc\u00e9 son propre parti politique d\u00e9nomm\u00e9 \u00a0\u00bb Alliance pour le Changement\u00a0\u00bb.<\/p>\n\n\n\n<p>Devant un parterre des journalistes, Kabund a justifi\u00e9 \u00eatre \u00e0 la t\u00eate d&rsquo;une formation politique se voulant \u00ab\u00a0champion de la pratique de l&rsquo;\u00e9quit\u00e9, de la justice et du droit, de la protection et de la s\u00e9curit\u00e9 sociale, ainsi que de la qu\u00eate permanente du bonheur partag\u00e9\u00a0\u00bb.<\/p>\n\n\n\n<p>Pour ce parti non encore enregistr\u00e9, son t\u00e9nor ambitionne aussi de r\u00e9aliser un \u00e9quilibre intelligent entre l&rsquo;\u00c9tat, le patronat et le salari\u00e9. Tout comme les m\u00e9canismes nouveaux de redistribution \u00e9quitable des richesses du pays et de contr\u00f4le des finances publiques. <\/p>\n\n\n\n<p>La lutte contre la corruption, l&rsquo;impunit\u00e9, le tribalisme, le trafic d&rsquo;influence, le client\u00e9lisme, le n\u00e9potisme et le laxisme baillant figurent \u00e9galement parmi les cibles \u00e0 combattre.<\/p>\n\n\n\n<p>Fatshi tr\u00e8s d\u00e9nigr\u00e9<\/p>\n\n\n\n<p>Ne s&rsquo;\u00e9tant pas arr\u00eat\u00e9 au lancement de son parti, Jean-Marc Kabund s&rsquo;est lanc\u00e9 dans des critiques sans r\u00e9serve contre le Pr\u00e9sident de la R\u00e9publique. Il a tax\u00e9 d&rsquo;incomp\u00e9tence notoire le r\u00e9gime actuel, issu de l&rsquo;alternance pacifique de 2018. Il a crach\u00e9 sur les voyages diplomatiques effectu\u00e9s par le Pr\u00e9sident de la R\u00e9publique, en les qualifiant d&rsquo;improductifs.<\/p>\n\n\n\n<p> Il lui a aussi pr\u00eat\u00e9 de mauvaise intention de glissement et de fraude massive aux prochaines \u00e9lections.<br>Il n&rsquo;a pas manqu\u00e9 de qualifier le pouvoir en place de r\u00e9gime des jouisseurs.<\/p>\n\n\n\n<p>Responsabilit\u00e9<\/p>\n\n\n\n<p>Jean-Marc Kabund s&rsquo;est d\u00e9cha\u00een\u00e9 sans limite sur le r\u00e9gime, en perdant de vue l&rsquo;\u00e9tat de droit qu&rsquo;il veut pratiquer a ses principes. O\u00f9 place-t-il l&rsquo;honneur de quelqu&rsquo;un jet\u00e9 ainsi en p\u00e2ture? Il lui sera tr\u00e8s difficile de s&rsquo;en sortir en cas de plainte p\u00e9nale pour diffamation et offense publique au Chef de l&rsquo;\u00c9tat.<\/p>\n\n\n\n<p>C&rsquo;est dans sa r\u00e9sidence de Kingabwa, \u00e0 Limete o\u00f9 une grande villa, est sortie des terres en l&rsquo;espace de quelques mois, \u00e0 son accession au bureau de l&rsquo;Assembl\u00e9e nationale co\u00efncidant avec ce brusque enrichissement susceptible d&rsquo;attirer la curiosit\u00e9 du Patrouilleur Jules Alingete sur sa gestion des finances publiques \u00e0 la Chambre basse.<\/p>\n\n\n\n<p>Non enregistr\u00e9 au minist\u00e8re de l&rsquo;Int\u00e9rieur, o\u00f9 il \u00e9tait introduit depuis juin, Alternance pour le changement vient d&rsquo;\u00eatre lanc\u00e9 34 jours apr\u00e8s conform\u00e9ment, on, \u00e0 une disposition en la mati\u00e8re. La non publication dans le Journal Officiel peut lui compliquer la situation, en ce que le parti en question n&rsquo;est pas opposable aux tiers.<\/p>\n\n\n\n<p>Jean -Marc Kabund doit tirer les cons\u00e9quences de ce lancement. Il ne peut plus en principe si\u00e9ger \u00e0 l&rsquo;Assembl\u00e9e nationale, ne parlant plus au nom de l&rsquo;UDPS qui l&rsquo;avait mandat\u00e9. En 2007, Vital Kamerhe Lwakanyigini s&rsquo;\u00e9tait retir\u00e9 de l&rsquo;Assembl\u00e9e nationale apr\u00e8s le d\u00e9saveu par ses anciens pairs du PPRD.<\/p>\n","protected":false},"excerpt":{"rendered":"<p>Par MKM Au cours de sa sortie m\u00e9diatique hier lundi 18 juillet 2022, Jean-Marc Kabund a Kabund a annonc\u00e9 son d\u00e9part de l&rsquo;Union pour la D\u00e9mocratie et le Progr\u00e8s Social (UDPS), parti pr\u00e9sidentiel qui l&rsquo;a propuls\u00e9 au devant de la sc\u00e8ne politique en RDC. Il a, par la m\u00eame occasion, lanc\u00e9 son propre parti politique [&hellip;]<\/p>\n","protected":false},"author":1,"featured_media":54653,"comment_status":"closed","ping_status":"closed","sticky":false,"template":"","format":"standard","meta":{"footnotes":""},"categories":[136,134,130,5],"tags":[1098],"class_list":["post-54652","post","type-post","status-publish","format-standard","has-post-thumbnail","hentry","category-a-la-une","category-la-tempete-des-tropiques","category-nation","category-politique","tag-latempete"],"_links":{"self":[{"href":"http:\/\/www.latempete.info\/index.php?rest_route=\/wp\/v2\/posts\/54652"}],"collection":[{"href":"http:\/\/www.latempete.info\/index.php?rest_route=\/wp\/v2\/posts"}],"about":[{"href":"http:\/\/www.latempete.info\/index.php?rest_route=\/wp\/v2\/types\/post"}],"author":[{"embeddable":true,"href":"http:\/\/www.latempete.info\/index.php?rest_route=\/wp\/v2\/users\/1"}],"replies":[{"embeddable":true,"href":"http:\/\/www.latempete.info\/index.php?rest_route=%2Fwp%2Fv2%2Fcomments&post=54652"}],"version-history":[{"count":1,"href":"http:\/\/www.latempete.info\/index.php?rest_route=\/wp\/v2\/posts\/54652\/revisions"}],"predecessor-version":[{"id":54654,"href":"http:\/\/www.latempete.info\/index.php?rest_route=\/wp\/v2\/posts\/54652\/revisions\/54654"}],"wp:featuredmedia":[{"embeddable":true,"href":"http:\/\/www.latempete.info\/index.php?rest_route=\/wp\/v2\/media\/54653"}],"wp:attachment":[{"href":"http:\/\/www.latempete.info\/index.php?rest_route=%2Fwp%2Fv2%2Fmedia&parent=54652"}],"wp:term":[{"taxonomy":"category","embeddable":true,"href":"http:\/\/www.latempete.info\/index.php?rest_route=%2Fwp%2Fv2%2Fcategories&post=54652"},{"taxonomy":"post_tag","embeddable":true,"href":"http:\/\/www.latempete.info\/index.php?rest_route=%2Fwp%2Fv2%2Ftags&post=54652"}],"curies":[{"name":"wp","href":"https:\/\/api.w.org\/{rel}","templated":true}]}}