{"id":54874,"date":"2022-08-03T11:13:25","date_gmt":"2022-08-03T11:13:25","guid":{"rendered":"http:\/\/www.latempete.info\/?p=54874"},"modified":"2022-08-03T11:13:28","modified_gmt":"2022-08-03T11:13:28","slug":"cri-dalarme-de-lagence-onusienne-en-charge-des-refugies-le-hcr-oblige-de-suspendre-son-assistance-humanitaire-en-rdc-faute-de-moyens","status":"publish","type":"post","link":"http:\/\/www.latempete.info\/?p=54874","title":{"rendered":"Cri d\u2019alarme de l\u2019agence onusienne en charge des r\u00e9fugi\u00e9s: le HCR oblig\u00e9 de suspendre son assistance humanitaire en RDC, faute de moyens"},"content":{"rendered":"\n<p><br>Par GKM<\/p>\n\n\n\n<p>En raison d\u2019un manque de financement, le HCR, l\u2019Agence des Nations Unies pour les r\u00e9fugi\u00e9s, n\u2019est pas en mesure de r\u00e9pondre \u00e0 l\u2019ensemble des besoins humanitaires croissants des r\u00e9fugi\u00e9s et des personnes d\u00e9plac\u00e9es internes en R\u00e9publique d\u00e9mocratique du Congo. C\u2019est ce qui ressort d\u2019un communiqu\u00e9 de l\u2019agence onusienne distribu\u00e9 hier mardi 2 ao\u00fbt 2022 \u00e0 la presse.<\/p>\n\n\n\n<p>En effet, la RDC est l\u2019une des op\u00e9rations du HCR les plus sous-financ\u00e9es au monde. En date du 30 juin 2022, seulement 19% du montant de 225 millions de dollars pr\u00e9vu au budget en d\u00e9but d\u2019ann\u00e9e avaient \u00e9t\u00e9 obtenus. Cette p\u00e9nurie de fonds affecte de fa\u00e7on significative la vie des personnes contraintes de fuir, signale le HCR dont les besoins en RDC sont massifs.<\/p>\n\n\n\n<p>Au d\u00e9but de l\u2019ann\u00e9e, le pays accueillait plus d\u2019un demi-million de r\u00e9fugi\u00e9s et de demandeurs d\u2019asile, et plus de 5,6 millions de personnes d\u00e9plac\u00e9es internes. Les combats entre l\u2019arm\u00e9e congolaise et des groupes arm\u00e9s non \u00e9tatiques dans la province du Nord-Kivu ont d\u00e9plac\u00e9 160 000 personnes suppl\u00e9mentaires depuis avril 2022. Par ailleurs, le HCR et ses partenaires dans la province de l\u2019Ituri ont enregistr\u00e9 plus de 800 d\u00e9c\u00e8s dus \u00e0 des attaques \u00e0 l\u2019arme \u00e0 feu et des raids \u00e0 la machette contre les communaut\u00e9s locales, qui ont pouss\u00e9 20 700 personnes \u00e0 fuir leurs foyers.<\/p>\n\n\n\n<p>Lors d\u2019une visite dans la province de l\u2019Ituri en RDC entre le 25 et le 28 juillet, la Directrice de la Division des relations ext\u00e9rieures du HCR, Dominique Hyde, a constat\u00e9 le courage et la pers\u00e9v\u00e9rance des femmes, des hommes et des enfants d\u00e9racin\u00e9s face \u00e0 l\u2019horreur, mais aussi l\u2019impact du sous-financement.<\/p>\n\n\n\n<p>Au rythme actuel, 82% de personnes d\u00e9plac\u00e9es internes ne recevront pas d\u2019aide adapt\u00e9e en mati\u00e8re d\u2019h\u00e9bergement. De ce fait, elles seront forc\u00e9es de dormir dans des \u00e9glises, des \u00e9coles et des stades, en plein-air, ou risqueront de devoir rentrer chez elles malgr\u00e9 le risque d\u2019\u00eatre prises pour cible par des groupes arm\u00e9s.<\/p>\n\n\n\n<p>Chaque enfant a droit \u00e0 l\u2019\u00e9ducation primaire mais, en RDC, en raison du sous-financement, seuls 16% des enfants r\u00e9fugi\u00e9s sud-soudanais sont scolaris\u00e9s. Aux niveaux de financement actuels, le HCR n\u2019est pas en capacit\u00e9 d\u2019aider un seul enfant r\u00e9fugi\u00e9 \u00e0 fr\u00e9quenter l\u2019\u00e9cole secondaire cette ann\u00e9e.<\/p>\n\n\n\n<p>Sans soutien suppl\u00e9mentaire, le HCR sera contraint de r\u00e9duire les allocations d\u2019aide en esp\u00e8ces et les kits pour les moyens de subsistance dans les secteurs de l\u2019agriculture, de la p\u00eache et de l\u2019\u00e9levage. Ces p\u00e9nuries de fonds, combin\u00e9es \u00e0 de graves s\u00e9cheresses en Afrique orientale et australe, affecteront de nombreuses personnes d\u00e9plac\u00e9es qui pourraient subir la famine.<\/p>\n\n\n\n<p>La crise congolaise ignor\u00e9e au d\u00e9triment des autres<\/p>\n\n\n\n<p>Alors que l\u2019attention de la communaut\u00e9 internationale se concentre sur certaines parmi les plus importantes crises notamment en Syrie, en Afghanistan et, plus r\u00e9cemment, en Ukraine, d\u2019autres crises d\u2019urgence, dont beaucoup en Afrique, n\u2019ont pas r\u00e9ussi \u00e0 attirer le m\u00eame niveau d\u2019attention, de soutien et de ressources.<\/p>\n\n\n\n<p>HCR note que ces crises sous-financ\u00e9es sont confront\u00e9es \u00e0 un combinaison meurtri\u00e8re de conflits, du changement climatiques et des retomb\u00e9es socio-\u00e9conomiques de la pand\u00e9mie de Covid-19, ainsi qu\u2019aux effets d\u00e9vastateurs de la guerre en Ukraine. Les prix des denr\u00e9es alimentaires et des carburants augmentent de fa\u00e7on spectaculaire, ce qui r\u00e9duit d\u2019autant les ressources pour l\u2019aide humanitaire.<\/p>\n\n\n\n<p>La solidarit\u00e9 internationale \u00e0 l\u2019\u00e9gard des personnes ayant fui la guerre en Ukraine est massive.<\/p>\n\n\n\n<p>\u00ab Nous avons besoin d\u2019une r\u00e9ponse similaire et d\u2019un soutien financier plus important &#8211; pour toutes les autres crises \u00e0 travers le monde.<br>Chaque jour, le HCR et ses partenaires r\u00e9pondent \u00e0 ces crises, mais nous ne pouvons pas le faire seuls. Nous lan\u00e7ons un appel urgent \u00e0 la communaut\u00e9 internationale pour qu\u2019elle agisse maintenant et soutienne les personnes vuln\u00e9rables, alerte l\u2019agence onusienne.<\/p>\n","protected":false},"excerpt":{"rendered":"<p>Par GKM En raison d\u2019un manque de financement, le HCR, l\u2019Agence des Nations Unies pour les r\u00e9fugi\u00e9s, n\u2019est pas en mesure de r\u00e9pondre \u00e0 l\u2019ensemble des besoins humanitaires croissants des r\u00e9fugi\u00e9s et des personnes d\u00e9plac\u00e9es internes en R\u00e9publique d\u00e9mocratique du Congo. C\u2019est ce qui ressort d\u2019un communiqu\u00e9 de l\u2019agence onusienne distribu\u00e9 hier mardi 2 ao\u00fbt [&hellip;]<\/p>\n","protected":false},"author":1,"featured_media":54875,"comment_status":"closed","ping_status":"closed","sticky":false,"template":"","format":"standard","meta":{"footnotes":""},"categories":[136,134,10],"tags":[],"class_list":["post-54874","post","type-post","status-publish","format-standard","has-post-thumbnail","hentry","category-a-la-une","category-la-tempete-des-tropiques","category-societe"],"_links":{"self":[{"href":"http:\/\/www.latempete.info\/index.php?rest_route=\/wp\/v2\/posts\/54874"}],"collection":[{"href":"http:\/\/www.latempete.info\/index.php?rest_route=\/wp\/v2\/posts"}],"about":[{"href":"http:\/\/www.latempete.info\/index.php?rest_route=\/wp\/v2\/types\/post"}],"author":[{"embeddable":true,"href":"http:\/\/www.latempete.info\/index.php?rest_route=\/wp\/v2\/users\/1"}],"replies":[{"embeddable":true,"href":"http:\/\/www.latempete.info\/index.php?rest_route=%2Fwp%2Fv2%2Fcomments&post=54874"}],"version-history":[{"count":1,"href":"http:\/\/www.latempete.info\/index.php?rest_route=\/wp\/v2\/posts\/54874\/revisions"}],"predecessor-version":[{"id":54876,"href":"http:\/\/www.latempete.info\/index.php?rest_route=\/wp\/v2\/posts\/54874\/revisions\/54876"}],"wp:featuredmedia":[{"embeddable":true,"href":"http:\/\/www.latempete.info\/index.php?rest_route=\/wp\/v2\/media\/54875"}],"wp:attachment":[{"href":"http:\/\/www.latempete.info\/index.php?rest_route=%2Fwp%2Fv2%2Fmedia&parent=54874"}],"wp:term":[{"taxonomy":"category","embeddable":true,"href":"http:\/\/www.latempete.info\/index.php?rest_route=%2Fwp%2Fv2%2Fcategories&post=54874"},{"taxonomy":"post_tag","embeddable":true,"href":"http:\/\/www.latempete.info\/index.php?rest_route=%2Fwp%2Fv2%2Ftags&post=54874"}],"curies":[{"name":"wp","href":"https:\/\/api.w.org\/{rel}","templated":true}]}}