{"id":55022,"date":"2022-08-10T17:16:24","date_gmt":"2022-08-10T17:16:24","guid":{"rendered":"http:\/\/www.latempete.info\/?p=55022"},"modified":"2022-08-10T17:16:27","modified_gmt":"2022-08-10T17:16:27","slug":"le-styliste-japonais-issey-miyake-nous-a-quitte","status":"publish","type":"post","link":"http:\/\/www.latempete.info\/?p=55022","title":{"rendered":"Le styliste japonais Issey Miyake nous a quitt\u00e9"},"content":{"rendered":"\n<p><br>Par YHR<\/p>\n\n\n\n<p>Le grand couturier japonais est d\u00e9c\u00e9d\u00e9 le 5 ao\u00fbt au Japon. Mais la nouvelle de sa mort n&rsquo;a \u00e9t\u00e9 rendue publique que hier mardi 9 ao\u00fbt, par ses bureaux de Tokyo. L&rsquo;homme \u00e9tait n\u00e9 le 22 avril 1938 \u00e0 Hiroshima. Il avait sept ans le 6 ao\u00fbt 1945 quand les \u00c9tats-Unis ont largu\u00e9 la premi\u00e8re bombe atomique de l&rsquo;Histoire sur sa ville natale, faisant 140 000 morts et traumatisant \u00e0 vie les rescap\u00e9s.<\/p>\n\n\n\n<p> L&rsquo;enfant avait surv\u00e9cu, mais sa m\u00e8re \u00e9tait morte trois ans plus tard, des suites des radiations. \u00c0 peine dipl\u00f4m\u00e9 de l&rsquo;universit\u00e9 des beaux-arts Tama \u00e0 Tokyo, Issey Miyake s&rsquo;\u00e9tait install\u00e9 \u00e0 Paris en 1965 et avait \u00e9tudi\u00e9 \u00e0 l&rsquo;\u00e9cole de la Chambre syndicale de la couture parisienne. Il travaille ensuite comme apprenti chez Guy Laroche puis chez Hubert de Givenchy.<\/p>\n\n\n\n<p>Un des premiers stylistes japonais \u00e0 organiser un d\u00e9fil\u00e9 en Europe<\/p>\n\n\n\n<p>Pr\u00e9f\u00e9rant se d\u00e9finir comme \u00a0\u00bb fabricant de v\u00eatements \u00a0\u00bb plut\u00f4t que styliste, il a fait partie de la vague de jeunes cr\u00e9ateurs japonais ayant apport\u00e9 un vent de fra\u00eecheur dans la haute couture parisienne \u00e0 partir des ann\u00e9es 1970. Il est d&rsquo;ailleurs l&rsquo;un des premiers stylistes japonais \u00e0 organiser un d\u00e9fil\u00e9 en Europe en 1973.<\/p>\n\n\n\n<p>D\u00e8s le d\u00e9but des ann\u00e9es 1980, Issey Miyake avait fait rayonner son style \u00e0 travers le monde en utilisant des mat\u00e9riaux jamais vus dans la mode jusqu&rsquo;alors (plastique, fil de fer, papier artisanal japonais, crin, raphia\u2026). L&rsquo;art japonais du pliage (origami) l&rsquo;inspire aussi.<\/p>\n\n\n\n<p>Un style particulier<\/p>\n\n\n\n<p>Issey Miyake est \u00e9galement connu pour avoir confectionn\u00e9 des habits compos\u00e9s d&rsquo;une seule pi\u00e8ce de tissu (\u00a0\u00bb A-POC, A Piece Of Cloth \u00ab\u00a0), sans couture, optimisant ainsi mouvement, fluidit\u00e9 et confort. Sa ligne \u00a0\u00bb Pleats Please \u00ab\u00a0, perfectionnant la technique du pliss\u00e9 pour rendre les v\u00eatements infroissables, a aussi marqu\u00e9 les esprits. Lanc\u00e9e \u00e0 partir de 2010, sa ligne de sacs g\u00e9om\u00e9triques et en relief \u00a0\u00bb Bao Bao \u00a0\u00bb a encore renforc\u00e9 son aura. Issey Miyake \u00e9tait aussi le fournisseur attitr\u00e9 de c\u00e9l\u00e8bres pulls \u00e0 col roul\u00e9 noirs de Steve Jobs, le cofondateur et ancien patron d&rsquo;Apple.<\/p>\n","protected":false},"excerpt":{"rendered":"<p>Par YHR Le grand couturier japonais est d\u00e9c\u00e9d\u00e9 le 5 ao\u00fbt au Japon. Mais la nouvelle de sa mort n&rsquo;a \u00e9t\u00e9 rendue publique que hier mardi 9 ao\u00fbt, par ses bureaux de Tokyo. L&rsquo;homme \u00e9tait n\u00e9 le 22 avril 1938 \u00e0 Hiroshima. Il avait sept ans le 6 ao\u00fbt 1945 quand les \u00c9tats-Unis ont largu\u00e9 [&hellip;]<\/p>\n","protected":false},"author":1,"featured_media":55023,"comment_status":"closed","ping_status":"closed","sticky":false,"template":"","format":"standard","meta":{"footnotes":""},"categories":[136,28,8,125,134],"tags":[],"class_list":["post-55022","post","type-post","status-publish","format-standard","has-post-thumbnail","hentry","category-a-la-une","category-coutumes","category-culture-media","category-expo","category-la-tempete-des-tropiques"],"_links":{"self":[{"href":"http:\/\/www.latempete.info\/index.php?rest_route=\/wp\/v2\/posts\/55022"}],"collection":[{"href":"http:\/\/www.latempete.info\/index.php?rest_route=\/wp\/v2\/posts"}],"about":[{"href":"http:\/\/www.latempete.info\/index.php?rest_route=\/wp\/v2\/types\/post"}],"author":[{"embeddable":true,"href":"http:\/\/www.latempete.info\/index.php?rest_route=\/wp\/v2\/users\/1"}],"replies":[{"embeddable":true,"href":"http:\/\/www.latempete.info\/index.php?rest_route=%2Fwp%2Fv2%2Fcomments&post=55022"}],"version-history":[{"count":1,"href":"http:\/\/www.latempete.info\/index.php?rest_route=\/wp\/v2\/posts\/55022\/revisions"}],"predecessor-version":[{"id":55024,"href":"http:\/\/www.latempete.info\/index.php?rest_route=\/wp\/v2\/posts\/55022\/revisions\/55024"}],"wp:featuredmedia":[{"embeddable":true,"href":"http:\/\/www.latempete.info\/index.php?rest_route=\/wp\/v2\/media\/55023"}],"wp:attachment":[{"href":"http:\/\/www.latempete.info\/index.php?rest_route=%2Fwp%2Fv2%2Fmedia&parent=55022"}],"wp:term":[{"taxonomy":"category","embeddable":true,"href":"http:\/\/www.latempete.info\/index.php?rest_route=%2Fwp%2Fv2%2Fcategories&post=55022"},{"taxonomy":"post_tag","embeddable":true,"href":"http:\/\/www.latempete.info\/index.php?rest_route=%2Fwp%2Fv2%2Ftags&post=55022"}],"curies":[{"name":"wp","href":"https:\/\/api.w.org\/{rel}","templated":true}]}}