{"id":56316,"date":"2022-10-25T17:07:20","date_gmt":"2022-10-25T17:07:20","guid":{"rendered":"http:\/\/www.latempete.info\/?p=56316"},"modified":"2022-10-25T17:07:22","modified_gmt":"2022-10-25T17:07:22","slug":"la-rdc-et-la-tanzanie-signent-deux-accords-sur-le-transport-et-les-telecommunications","status":"publish","type":"post","link":"http:\/\/www.latempete.info\/?p=56316","title":{"rendered":"La RDC et la Tanzanie signent deux accords sur le transport et les t\u00e9l\u00e9communications"},"content":{"rendered":"\n<p><br>Par Carroll Madiya<\/p>\n\n\n\n<p>Le pr\u00e9sident de la R\u00e9publique, F\u00e9lix Antoine Tshisekedi Tshilombo, a regagn\u00e9 Kinshasa hier lundi 24 octobre 2022, en provenance de Dar Es Salam, capitale de la Tanzanie. A l\u2019occasion de ce voyage d\u2019Etat, deux m\u00e9moranda d\u2019entente dans les secteurs de transport et des t\u00e9l\u00e9communications ont \u00e9t\u00e9 sign\u00e9s, le dimanche 23 Octobre 2022 au State House de Dar-es Salam, en pr\u00e9sence des pr\u00e9sidents F\u00e9lix Tshisekedi et Samia Suhulu Hassan, par le Vice-premier ministre des affaires \u00e9trang\u00e8res Christophe Lutundula et son homologue de Tanzanie.<\/p>\n\n\n\n<p>Ces accords sont la mat\u00e9rialisation de l\u2019engagement des deux Chefs d\u2019Etat pris \u00e0 Kinshasa, en ao\u00fbt dernier, \u00e0 l\u2019occasion de la visite d\u2019Etat de la pr\u00e9sidente Samia Suluhu Hassan. Dans le secteur des transports, les deux Pr\u00e9sidents ont confirm\u00e9, au cours du point de presse suivi cette signature, leur volont\u00e9 de construire un chemin de fer devant relier la Tanzanie, le Burundi et la RDC ainsi qu\u2019une route entre la Tanzanie et la RDC.<\/p>\n\n\n\n<p>Arriv\u00e9 depuis vendredi 21 octobre 2022 en Tanzanie, le Pr\u00e9sident F\u00e9lix Tshisekedi s\u2019est rendu le dimanche 23 octobre \u00e0 Dar-es-Salam, pour un t\u00eate-\u00e0-t\u00eate avec son homologue Samia Suhulu Hassan de la R\u00e9publique Unie de Tanzanie, o\u00f9 le pr\u00e9sident congolais a \u00e9t\u00e9 accueilli par un c\u00e9r\u00e9monial d\u2019une visite d\u2019Etat.<\/p>\n\n\n\n<p>La pr\u00e9sidente Suluhu Hassan a fait le d\u00e9placement de l\u2019a\u00e9roport international Julius Nyerere pour accueillir son h\u00f4te venu pour une visite d\u2019Etat. Les deux chefs d\u2019Etat ont eu une premi\u00e8re rencontre en t\u00eate-\u00e0-t\u00eate avant d\u2019\u00e9largir les \u00e9changes \u00e0 leurs d\u00e9l\u00e9gations respectives.<\/p>\n\n\n\n<p>Devant la presse, les Pr\u00e9sidents F\u00e9lix Tshisekedi et Samia Suluhu Hassan ont affirm\u00e9 que les \u00e9changes bilat\u00e9raux ont port\u00e9 sur la volont\u00e9 des deux pays voisins \u00e0 redynamiser les relations bilat\u00e9rales dans plusieurs secteurs, notamment la s\u00e9curit\u00e9, le transport, le changement climatique, et bien d\u2019autres secteurs.<\/p>\n\n\n\n<p>Les effets de la guerre entre la Russie et l\u2019Ukraine ainsi que l\u2019agression de la RDC par le Rwanda ont \u00e9galement fait l\u2019objet des \u00e9changes.<\/p>\n\n\n\n<p>La Tanzanie, rappelle-t-on, fait partie des pays dont les troupes ont r\u00e9ussi la neutralisation des rebelles pro-rwandais du M23 \u00e0 Bunagana en 2013. Cette ann\u00e9e, dans le cadre de la force militaire r\u00e9gionale de l\u2019EAC, l\u2019arm\u00e9e tanzanienne est encore sollicit\u00e9e.<\/p>\n","protected":false},"excerpt":{"rendered":"<p>Par Carroll Madiya Le pr\u00e9sident de la R\u00e9publique, F\u00e9lix Antoine Tshisekedi Tshilombo, a regagn\u00e9 Kinshasa hier lundi 24 octobre 2022, en provenance de Dar Es Salam, capitale de la Tanzanie. A l\u2019occasion de ce voyage d\u2019Etat, deux m\u00e9moranda d\u2019entente dans les secteurs de transport et des t\u00e9l\u00e9communications ont \u00e9t\u00e9 sign\u00e9s, le dimanche 23 Octobre 2022 [&hellip;]<\/p>\n","protected":false},"author":1,"featured_media":56317,"comment_status":"closed","ping_status":"closed","sticky":false,"template":"","format":"standard","meta":{"footnotes":""},"categories":[27,134,130,5,123],"tags":[],"class_list":["post-56316","post","type-post","status-publish","format-standard","has-post-thumbnail","hentry","category-internationale","category-la-tempete-des-tropiques","category-nation","category-politique","category-transport"],"_links":{"self":[{"href":"http:\/\/www.latempete.info\/index.php?rest_route=\/wp\/v2\/posts\/56316"}],"collection":[{"href":"http:\/\/www.latempete.info\/index.php?rest_route=\/wp\/v2\/posts"}],"about":[{"href":"http:\/\/www.latempete.info\/index.php?rest_route=\/wp\/v2\/types\/post"}],"author":[{"embeddable":true,"href":"http:\/\/www.latempete.info\/index.php?rest_route=\/wp\/v2\/users\/1"}],"replies":[{"embeddable":true,"href":"http:\/\/www.latempete.info\/index.php?rest_route=%2Fwp%2Fv2%2Fcomments&post=56316"}],"version-history":[{"count":1,"href":"http:\/\/www.latempete.info\/index.php?rest_route=\/wp\/v2\/posts\/56316\/revisions"}],"predecessor-version":[{"id":56318,"href":"http:\/\/www.latempete.info\/index.php?rest_route=\/wp\/v2\/posts\/56316\/revisions\/56318"}],"wp:featuredmedia":[{"embeddable":true,"href":"http:\/\/www.latempete.info\/index.php?rest_route=\/wp\/v2\/media\/56317"}],"wp:attachment":[{"href":"http:\/\/www.latempete.info\/index.php?rest_route=%2Fwp%2Fv2%2Fmedia&parent=56316"}],"wp:term":[{"taxonomy":"category","embeddable":true,"href":"http:\/\/www.latempete.info\/index.php?rest_route=%2Fwp%2Fv2%2Fcategories&post=56316"},{"taxonomy":"post_tag","embeddable":true,"href":"http:\/\/www.latempete.info\/index.php?rest_route=%2Fwp%2Fv2%2Ftags&post=56316"}],"curies":[{"name":"wp","href":"https:\/\/api.w.org\/{rel}","templated":true}]}}