{"id":56481,"date":"2022-11-03T13:53:11","date_gmt":"2022-11-03T13:53:11","guid":{"rendered":"http:\/\/www.latempete.info\/?p=56481"},"modified":"2022-11-03T13:53:28","modified_gmt":"2022-11-03T13:53:28","slug":"crise-securitaire-dans-le-nord-kivu-apres-guterres-volker-turk-en-appelle-a-la-desescalade","status":"publish","type":"post","link":"http:\/\/www.latempete.info\/?p=56481","title":{"rendered":"Crise s\u00e9curitaire dans le Nord -Kivu: apr\u00e8s Guterres, Volker T\u00fcrk en appelle \u00e0 la d\u00e9sescalade"},"content":{"rendered":"\n<p class=\"has-text-align-center\"><br><strong>Le Chef des Droits de l\u2019homme de l\u2019ONU s\u2019inqui\u00e8te de la r\u00e9surgence<br>des combats entre les FARDC et les rebelles du M23<br>Par GKM<\/strong><\/p>\n\n\n\n<p>Volker T\u00fcrk, le nouveau Chef des Droits de l\u2019homme des Nations Unies a appel\u00e9, le mardi 1er novembre \u00e0 une d\u00e9sescalade urgente dans l\u2019Est de la R\u00e9publique d\u00e9mocratique du Congo (RDC) o\u00f9 les affrontements entre l\u2019arm\u00e9e congolaise et les groupes du M23 appuy\u00e9s par le Rwanda continuent.<\/p>\n\n\n\n<p>Il s\u2019inqui\u00e8te de la r\u00e9surgence des combats entre les forces arm\u00e9es de la R\u00e9publique d\u00e9mocratique du Congo et les rebelles du M23 qui ont d\u00e9plac\u00e9, en onze jours, quelque 50.000 personnes dans l\u2019est du pays.<\/p>\n\n\n\n<p>Selon le Haut-Commissariat de l\u2019ONU aux droits de l\u2019homme (HCDH), \u00ab plus d\u2019une dizaine de civils ont \u00e9t\u00e9 tu\u00e9s, au moins 40 autres bless\u00e9s et plus de 90.000 d\u00e9plac\u00e9s lors de la reprise des combats \u00bb.<\/p>\n\n\n\n<p>\u00ab La situation s\u00e9curitaire dans l\u2019est de la R\u00e9publique d\u00e9mocratique du Congo se d\u00e9t\u00e9riore rapidement et menace de provoquer une catastrophe en mati\u00e8re de droits de l\u2019homme \u00bb, a d\u00e9clar\u00e9 dans un communiqu\u00e9 le Haut-Commissaire des Nations Unies aux droits de l\u2019homme, Volker T\u00fcrk.<\/p>\n\n\n\n<p>Dimanche d\u00e9j\u00e0, le Secr\u00e9taire g\u00e9n\u00e9ral de l\u2019ONU, Ant\u00f3nio Guterres avait appel\u00e9 \u00e0 une \u00ab d\u00e9sescalade imm\u00e9diate \u00bb, apr\u00e8s s\u2019\u00eatre entretenu avec les Pr\u00e9sidents de l\u2019Angola, de la RDC, du Rwanda et du Kenya et du S\u00e9n\u00e9gal, qui pr\u00e9side l\u2019Union africaine, selon un communiqu\u00e9 de son porte-parole St\u00e9phane Dujarric.<\/p>\n\n\n\n<p>Il avait appel\u00e9 aussi le M23 et les autres groupes arm\u00e9s \u00ab \u00e0 cesser imm\u00e9diatement les hostilit\u00e9s et \u00e0 d\u00e9sarmer sans condition \u00bb.<br>Pour l\u2019ONU, de nouveaux combats ne feront qu\u2019engendrer plus de douleur et de souffrance pour davantage de personnes.<br>Le Haut-Commissaire exhorte toutes les parties \u00e0 prot\u00e9ger les civils conform\u00e9ment au droit international des droits de l\u2019homme et au droit international humanitaire.<\/p>\n\n\n\n<p> Il s\u2019agit notamment de faciliter l\u2019acc\u00e8s humanitaire sans entrave \u00e0 la population affect\u00e9e et de permettre aux civils de sortir en toute s\u00e9curit\u00e9 des zones touch\u00e9es par les hostilit\u00e9s.<\/p>\n\n\n\n<p><\/p>\n","protected":false},"excerpt":{"rendered":"<p>Le Chef des Droits de l\u2019homme de l\u2019ONU s\u2019inqui\u00e8te de la r\u00e9surgencedes combats entre les FARDC et les rebelles du M23Par GKM Volker T\u00fcrk, le nouveau Chef des Droits de l\u2019homme des Nations Unies a appel\u00e9, le mardi 1er novembre \u00e0 une d\u00e9sescalade urgente dans l\u2019Est de la R\u00e9publique d\u00e9mocratique du Congo (RDC) o\u00f9 les [&hellip;]<\/p>\n","protected":false},"author":1,"featured_media":56482,"comment_status":"closed","ping_status":"closed","sticky":false,"template":"","format":"standard","meta":{"footnotes":""},"categories":[136,134,130,5],"tags":[],"class_list":["post-56481","post","type-post","status-publish","format-standard","has-post-thumbnail","hentry","category-a-la-une","category-la-tempete-des-tropiques","category-nation","category-politique"],"_links":{"self":[{"href":"http:\/\/www.latempete.info\/index.php?rest_route=\/wp\/v2\/posts\/56481"}],"collection":[{"href":"http:\/\/www.latempete.info\/index.php?rest_route=\/wp\/v2\/posts"}],"about":[{"href":"http:\/\/www.latempete.info\/index.php?rest_route=\/wp\/v2\/types\/post"}],"author":[{"embeddable":true,"href":"http:\/\/www.latempete.info\/index.php?rest_route=\/wp\/v2\/users\/1"}],"replies":[{"embeddable":true,"href":"http:\/\/www.latempete.info\/index.php?rest_route=%2Fwp%2Fv2%2Fcomments&post=56481"}],"version-history":[{"count":1,"href":"http:\/\/www.latempete.info\/index.php?rest_route=\/wp\/v2\/posts\/56481\/revisions"}],"predecessor-version":[{"id":56483,"href":"http:\/\/www.latempete.info\/index.php?rest_route=\/wp\/v2\/posts\/56481\/revisions\/56483"}],"wp:featuredmedia":[{"embeddable":true,"href":"http:\/\/www.latempete.info\/index.php?rest_route=\/wp\/v2\/media\/56482"}],"wp:attachment":[{"href":"http:\/\/www.latempete.info\/index.php?rest_route=%2Fwp%2Fv2%2Fmedia&parent=56481"}],"wp:term":[{"taxonomy":"category","embeddable":true,"href":"http:\/\/www.latempete.info\/index.php?rest_route=%2Fwp%2Fv2%2Fcategories&post=56481"},{"taxonomy":"post_tag","embeddable":true,"href":"http:\/\/www.latempete.info\/index.php?rest_route=%2Fwp%2Fv2%2Ftags&post=56481"}],"curies":[{"name":"wp","href":"https:\/\/api.w.org\/{rel}","templated":true}]}}