{"id":56484,"date":"2022-11-03T13:57:23","date_gmt":"2022-11-03T13:57:23","guid":{"rendered":"http:\/\/www.latempete.info\/?p=56484"},"modified":"2022-11-03T13:57:25","modified_gmt":"2022-11-03T13:57:25","slug":"tenue-dans-deux-sites-au-kongo-central-la-10eme-edition-du-festival-rumba-parade-a-vecu","status":"publish","type":"post","link":"http:\/\/www.latempete.info\/?p=56484","title":{"rendered":"Tenue dans deux sites au Kongo Central: la 10\u00e8me \u00e9dition du festival \u00abRumba Parade\u00bb a v\u00e9cu"},"content":{"rendered":"\n<p><br>Par Dieudonn\u00e9 Mwaka Dimbi<\/p>\n\n\n\n<p>Les rideaux de la 10\u00e8me \u00e9dition du festival \u00abRumba Parade\u00bb dont les activit\u00e9s se sont d\u00e9roul\u00e9es, du 28 au 30 octobre 2022, dans deux diff\u00e9rents sites de la province du Kongo Central \u00e0 savoir : Matadi et Manzi, une localit\u00e9 situ\u00e9e dans le territoire de Seke-Banza, appartient d\u00e9sormais \u00e0 l\u2019histoire.<\/p>\n\n\n\n<p>Pr\u00e9vu le vendredi 28 octobre dernier dans l\u2019enceinte des installations du Coll\u00e8ge Ntetembwa de la ville portuaire de Matadi, le lancement officiel dudit festival n\u2019est intervenu que le samedi 29 du m\u00eame mois, la dame pluie ayant g\u00e2ch\u00e9 l\u2019organisation de toutes les activit\u00e9s programm\u00e9es pour le compte de la premi\u00e8re journ\u00e9e.<\/p>\n\n\n\n<p>Suite \u00e0 ce fait purement naturel, le go de l\u2019ensemble des activit\u00e9s de ce festival a \u00e9t\u00e9 donn\u00e9 dans la soir\u00e9e du samedi 29 octobre par Me Bob, Directeur de cabinet du ministre provincial en charge de la culture et des arts. C\u2019\u00e9tait en pr\u00e9sence de Brain Tshibanda et Aim\u00e9 Tabi Dumbi respectivement Directeur adjoint du Centre Wallonie Bruxelles et Chef de division provinciale de la culture, arts et patrimoines.<\/p>\n\n\n\n<p>Dans son adresse de circonstance, le Dircab du ministre provincial a circonscrit la quintessence de ce festival qui, a-t-il indiqu\u00e9, est une activit\u00e9 de grande envergure culturelle et artistique non seulement par rapport \u00e0 la hauteur de la mobilisation des ressources mat\u00e9rielles, humaines et financi\u00e8res ; mais aussi, a-t-il ajout\u00e9, il est l\u2019expression de la reconnaissance de la place importante qu\u2019occupe la culture Kongo dans la gen\u00e8se de la rumba congolaise jadis une exclusivit\u00e9 congolaise de deux rives du majestueux fleuve Congo mais qui, dans le cadre de la nouvelle vision culturelle, est devenue un patrimoine mondial immat\u00e9riel.<\/p>\n\n\n\n<p>Pour ce faire, l\u2019homme a rendu un hommage d\u00e9f\u00e9rent \u00e0 tous les p\u00e8res de la rumba congolaise originaires du Kongo Central.Il s\u2019agit notamment de Fran\u00e7ois Luambo Makiadi, Simaro Lutumba Masiya, Jean de Dieu Bialu alias Madilu Syst\u00e8me, Defao Matumona\u2026etc.<\/p>\n\n\n\n<p>Plusieurs activit\u00e9s culturelles et artistiques non de moindre ont cependant marqu\u00e9 cette 10\u00e8me \u00e9dition. Entre autres les prestations sc\u00e9niques, l\u2019atelier de formation des techniciens en son et lumi\u00e8re, le tourisme culturel, l\u2019exhibition de divers accoutrements Par les sapeurs, l\u2019exposition des \u0153uvres couturi\u00e8res\u2026etc.<\/p>\n\n\n\n<p>La cl\u00e9 de vo\u00fbte de ce festival a \u00e9t\u00e9 sans contexte le concert de musique tant moderne que traditionnelle qui, du reste, a connu la participation de 13 groupes musicaux venus de tous les coins et recoins du Kongo Central dont le TP Zembe-Zembe de Kisantu ; Surprise Bandinga de Boma ; Etoile Musica de Mbanza-Ngungu ; IGB de Kimpese et enfin Crystal Palace, OWELE, Tour Eifel, Amis Za\u00efko, Ballet Musieni, Rangers et Lisungi Music de Matadi. <\/p>\n\n\n\n<p>A tous les groupes ci-haut cit\u00e9s ont \u00e9t\u00e9 associ\u00e9s l\u2019orchestre mixte R. Liziba du tr\u00e8s c\u00e9l\u00e8bre Petit Wendo ainsi que le Ballet Longo de Kinshasa. Gr\u00e2ce \u00e0 leurs attrayantes m\u00e9lodies tir\u00e9es des r\u00e9pertoires aussi bien des idoles ayant marqu\u00e9 l\u2019histoire de la rumba congolaise que ceux des g\u00e9n\u00e9rations ayant succ\u00e9d\u00e9 \u00e0 ces derniers, tous les groupes s\u00e9lectionn\u00e9s, sans exception aucune, ont plong\u00e9 l\u2019assistance venue nombreuse les encourager dans l\u2019enceinte du Coll\u00e8ge Ntetembwa, dans l\u2019extase.<\/p>\n\n\n\n<p>C\u2019est autant dire que ce n\u2019est pas en vain que l\u2019UNESCO avait officiellement reconnu, depuis le 14 d\u00e9cembre 2021, la rumba congolaise comme \u00e9tant un patrimoine mondial immat\u00e9riel.<br>En un mot comme en mille, disons d\u2019embl\u00e9e que la 10\u00e8me \u00e9dition du festival \u00abRumba Parade\u00bb a connu un succ\u00e8s d\u00e9lirant et ce, sur tous les plans.<\/p>\n\n\n\n<p>Raison pour laquelle le Directeur adjoint du CWB, Brain Tshibanda, avait, dans son intervention, expliqu\u00e9 le mobile du choix du Kongo Central pour abriter ce festival. C\u2019est suite, a-t-il dit, \u00e0 la renomm\u00e9e dont on reconna\u00eet cette province en terme d\u2019histoire de la musique congolaise moderne. Car, a-t-il martel\u00e9, beaucoup d\u2019artistes prestigieux sont n\u00e9s et longtemps v\u00e9cu \u00e0 Matadi en commen\u00e7ant par Joseph Kabasele Tshimanga dit \u00abGrand Kall\u00e9\u00bb<\/p>\n\n\n\n<p>A cet effet, il a rendu un vibrant hommage \u00e0 tous ceux de Matadi qui ont fait la formidable \u00e9pop\u00e9e et le haut succ\u00e8s de cette rumba dans toutes ses vari\u00e9t\u00e9s et ce, avant de remercier respectivement le Gouverneur Guy Bandu Ndungidi et l\u2019Union Europ\u00e9enne pour leur appui \u00e0 la promotion de la culture congolaise ; sans oublier le partenaire imm\u00e9diat du CWB qui n\u2019est autre que le Centre Culturel \u00abEMERGENCE Plus\u00bb \u00e0 travers son Directeur Jimmy Makengo pour avoir servi du village culturel \u00e0 ce festival o\u00f9 tous les artistes venus de l\u2019int\u00e9rieur de la province et d\u2019ailleurs se faisaient restaurer ; mais aussi de cadre \u00e0 la conf\u00e9rence et au pool de presse.<\/p>\n\n\n\n<p>Brain Tshibanda n\u2019a pas non plus omis de remercier \u00abWASALA PRODUCTION\u00bb pour avoir assur\u00e9, de mani\u00e8re impeccable, la partie communication de ce festival.<\/p>\n","protected":false},"excerpt":{"rendered":"<p>Par Dieudonn\u00e9 Mwaka Dimbi Les rideaux de la 10\u00e8me \u00e9dition du festival \u00abRumba Parade\u00bb dont les activit\u00e9s se sont d\u00e9roul\u00e9es, du 28 au 30 octobre 2022, dans deux diff\u00e9rents sites de la province du Kongo Central \u00e0 savoir : Matadi et Manzi, une localit\u00e9 situ\u00e9e dans le territoire de Seke-Banza, appartient d\u00e9sormais \u00e0 l\u2019histoire. Pr\u00e9vu [&hellip;]<\/p>\n","protected":false},"author":1,"featured_media":56485,"comment_status":"closed","ping_status":"closed","sticky":false,"template":"","format":"standard","meta":{"footnotes":""},"categories":[8,134,29,25],"tags":[],"class_list":["post-56484","post","type-post","status-publish","format-standard","has-post-thumbnail","hentry","category-culture-media","category-la-tempete-des-tropiques","category-musique","category-province"],"_links":{"self":[{"href":"http:\/\/www.latempete.info\/index.php?rest_route=\/wp\/v2\/posts\/56484"}],"collection":[{"href":"http:\/\/www.latempete.info\/index.php?rest_route=\/wp\/v2\/posts"}],"about":[{"href":"http:\/\/www.latempete.info\/index.php?rest_route=\/wp\/v2\/types\/post"}],"author":[{"embeddable":true,"href":"http:\/\/www.latempete.info\/index.php?rest_route=\/wp\/v2\/users\/1"}],"replies":[{"embeddable":true,"href":"http:\/\/www.latempete.info\/index.php?rest_route=%2Fwp%2Fv2%2Fcomments&post=56484"}],"version-history":[{"count":1,"href":"http:\/\/www.latempete.info\/index.php?rest_route=\/wp\/v2\/posts\/56484\/revisions"}],"predecessor-version":[{"id":56486,"href":"http:\/\/www.latempete.info\/index.php?rest_route=\/wp\/v2\/posts\/56484\/revisions\/56486"}],"wp:featuredmedia":[{"embeddable":true,"href":"http:\/\/www.latempete.info\/index.php?rest_route=\/wp\/v2\/media\/56485"}],"wp:attachment":[{"href":"http:\/\/www.latempete.info\/index.php?rest_route=%2Fwp%2Fv2%2Fmedia&parent=56484"}],"wp:term":[{"taxonomy":"category","embeddable":true,"href":"http:\/\/www.latempete.info\/index.php?rest_route=%2Fwp%2Fv2%2Fcategories&post=56484"},{"taxonomy":"post_tag","embeddable":true,"href":"http:\/\/www.latempete.info\/index.php?rest_route=%2Fwp%2Fv2%2Ftags&post=56484"}],"curies":[{"name":"wp","href":"https:\/\/api.w.org\/{rel}","templated":true}]}}