{"id":56923,"date":"2022-11-24T20:09:14","date_gmt":"2022-11-24T20:09:14","guid":{"rendered":"http:\/\/www.latempete.info\/?p=56923"},"modified":"2022-11-24T20:09:18","modified_gmt":"2022-11-24T20:09:18","slug":"force-est-africaine-louganda-compte-deployer-un-millier-de-soldats-en-rdc-mais-pour-certains-observateurs-permettre-lacces-des-forces-de-kampala-sur-le-territoire-congolais-equivaut-a-faire-en","status":"publish","type":"post","link":"http:\/\/www.latempete.info\/?p=56923","title":{"rendered":"Force Est-africaine : l&rsquo;Ouganda compte d\u00e9ployer un millier de soldats en RDC: Mais pour certains observateurs, permettre l&rsquo;acc\u00e8s des forces de Kampala sur le territoire congolais \u00e9quivaut \u00e0 faire entrer le loup dans la bergerie"},"content":{"rendered":"\n<p><br>Par YHR<\/p>\n\n\n\n<p>L&rsquo;Ouganda a annonc\u00e9 le mardi 22 novembre l&rsquo;envoi d&rsquo;un millier de soldats ougandais d&rsquo;ici fin novembre dans l&rsquo;Est de la R\u00e9publique D\u00e9mocratique du Congo, dans le cadre de la force r\u00e9gionale est-africaine qui est entrain d&rsquo;\u00eatre d\u00e9ploy\u00e9e dans cette r\u00e9gion en proie aux groupes arm\u00e9s.<\/p>\n\n\n\n<p>\u00a0\u00bb Nous finalisons la pr\u00e9paration de nos troupes avant de les introduire dans l&rsquo;Est de la RDC \u00ab\u00a0, aux c\u00f4t\u00e9s de soldats kenyans d\u00e9j\u00e0 sur le terrain \u00e0 Goma, a d\u00e9clar\u00e9 \u00e0 l&rsquo;AFP le porte-parole l&rsquo;arm\u00e9e ougandaise, Felix Kulayigye. \u00a0\u00bb Nous envoyons environ 1.000 (soldats) en mission \u00ab\u00a0, a-t-il d\u00e9clar\u00e9, sans donner la date exacte du d\u00e9part. <\/p>\n\n\n\n<p>Deux sources militaires ont pr\u00e9cis\u00e9 \u00e0 l&rsquo;Agence fran\u00e7aise que des \u00e9quipes du renseignement, des services m\u00e9dicaux et logistiques ougandais se trouvent d\u00e9j\u00e0 \u00e0 Goma pour pr\u00e9parer le d\u00e9ploiement pr\u00e9vu, alors que des troupes du Mouvement du 23 Mars (M23) se trouvent \u00e0 une vingtaine de kilom\u00e8tres du chef-lieu de la province du Sud-Kivu.<\/p>\n\n\n\n<p>D&rsquo;aucun s&rsquo;interrogent sur la justification de ce d\u00e9ploiement des troupes ougandaises sur le sol congolais, alors que Kampala est point\u00e9 du doigt pour son r\u00f4le n\u00e9faste dans la guerre d&rsquo;agression que subi le pays depuis des d\u00e9cennies dont le dernier \u00e9pisode en date, la prise de Bunagana par le M23, aurait \u00e9t\u00e9 facilit\u00e9e par les autorit\u00e9s ougandaises. Pour certains observateurs, permettre l&rsquo;acc\u00e8s des forces ougandaises en RDC \u00e9quivaut \u00e0 faire enter le loup dans la bergerie !<\/p>\n\n\n\n<p>Les sept pays de la Communaut\u00e9 des \u00c9tats d&rsquo;Afrique de l&rsquo;Est (EAC), RD Congo, Burundi, Kenya, Ouganda, Rwanda, Soudan du Sud, Tanzanie, avaient d\u00e9cid\u00e9 en juin dernier l&rsquo;envoi d&rsquo;une force r\u00e9gionale pour stabiliser l&rsquo;Est du pays, ravag\u00e9 par les exactions de groupes arm\u00e9s depuis pr\u00e8s de 30 ans.<\/p>\n\n\n\n<p>La r\u00e9cente offensive du M23 a aliment\u00e9 les tensions diplomatiques entre la RDC et le Rwanda. Kinshasa accuse Kigali d&rsquo;apporter au M23 un soutien que des experts de l&rsquo;ONU et des responsables am\u00e9ricains ont \u00e9galement point\u00e9 du doigt ces derniers mois. Kigali conteste, accusant en retour Kinshasa de collusion avec les Forces D\u00e9mocratiques De Lib\u00e9ration du Rwanda (FDLR), des rebelles hutu rwandais implant\u00e9s en RDC depuis le g\u00e9nocide des Tutsi en 1994 au Rwanda.<\/p>\n\n\n\n<p><strong>Kinshasa oppos\u00e9 \u00e0 la participation de Kigali \u00e0 toute op\u00e9ration sur son sol<\/strong><\/p>\n\n\n\n<p>Le Kenya, qui assure le commandement de la mission de l&rsquo;EAC, a d\u00e9j\u00e0 d\u00e9ploy\u00e9 quelques deux cents hommes \u00e0 Goma. La force comprend aussi des militaires sud-soudanais et burundais. Les soldats k\u00e9nyans et ougandais doivent se positionner aux c\u00f4t\u00e9s des \u00e9l\u00e9ments des Forces arm\u00e9es de la R\u00e9publique D\u00e9mocratique du Congo (FARDC) dans le Nord-Kivu et en Ituri, l&rsquo;arm\u00e9e burundaise dans le Sud-Kivu et l&rsquo;arm\u00e9e sud-soudanaise dans le Haut-Uele.<\/p>\n\n\n\n<p> Un contingent rwandais devra \u00eatre d\u00e9ploy\u00e9 le long de la fronti\u00e8re, apr\u00e8s que Kinshasa se soit oppos\u00e9 \u00e0 la participation de Kigali \u00e0 toute op\u00e9ration sur son sol.<\/p>\n","protected":false},"excerpt":{"rendered":"<p>Par YHR L&rsquo;Ouganda a annonc\u00e9 le mardi 22 novembre l&rsquo;envoi d&rsquo;un millier de soldats ougandais d&rsquo;ici fin novembre dans l&rsquo;Est de la R\u00e9publique D\u00e9mocratique du Congo, dans le cadre de la force r\u00e9gionale est-africaine qui est entrain d&rsquo;\u00eatre d\u00e9ploy\u00e9e dans cette r\u00e9gion en proie aux groupes arm\u00e9s. \u00a0\u00bb Nous finalisons la pr\u00e9paration de nos troupes [&hellip;]<\/p>\n","protected":false},"author":1,"featured_media":56924,"comment_status":"closed","ping_status":"closed","sticky":false,"template":"","format":"standard","meta":{"footnotes":""},"categories":[136,134,10],"tags":[],"class_list":["post-56923","post","type-post","status-publish","format-standard","has-post-thumbnail","hentry","category-a-la-une","category-la-tempete-des-tropiques","category-societe"],"_links":{"self":[{"href":"http:\/\/www.latempete.info\/index.php?rest_route=\/wp\/v2\/posts\/56923"}],"collection":[{"href":"http:\/\/www.latempete.info\/index.php?rest_route=\/wp\/v2\/posts"}],"about":[{"href":"http:\/\/www.latempete.info\/index.php?rest_route=\/wp\/v2\/types\/post"}],"author":[{"embeddable":true,"href":"http:\/\/www.latempete.info\/index.php?rest_route=\/wp\/v2\/users\/1"}],"replies":[{"embeddable":true,"href":"http:\/\/www.latempete.info\/index.php?rest_route=%2Fwp%2Fv2%2Fcomments&post=56923"}],"version-history":[{"count":1,"href":"http:\/\/www.latempete.info\/index.php?rest_route=\/wp\/v2\/posts\/56923\/revisions"}],"predecessor-version":[{"id":56925,"href":"http:\/\/www.latempete.info\/index.php?rest_route=\/wp\/v2\/posts\/56923\/revisions\/56925"}],"wp:featuredmedia":[{"embeddable":true,"href":"http:\/\/www.latempete.info\/index.php?rest_route=\/wp\/v2\/media\/56924"}],"wp:attachment":[{"href":"http:\/\/www.latempete.info\/index.php?rest_route=%2Fwp%2Fv2%2Fmedia&parent=56923"}],"wp:term":[{"taxonomy":"category","embeddable":true,"href":"http:\/\/www.latempete.info\/index.php?rest_route=%2Fwp%2Fv2%2Fcategories&post=56923"},{"taxonomy":"post_tag","embeddable":true,"href":"http:\/\/www.latempete.info\/index.php?rest_route=%2Fwp%2Fv2%2Ftags&post=56923"}],"curies":[{"name":"wp","href":"https:\/\/api.w.org\/{rel}","templated":true}]}}