{"id":56927,"date":"2022-11-24T20:43:21","date_gmt":"2022-11-24T20:43:21","guid":{"rendered":"http:\/\/www.latempete.info\/?p=56927"},"modified":"2022-11-24T20:43:23","modified_gmt":"2022-11-24T20:43:23","slug":"crise-securitaire-dans-la-partie-est-du-pays-lonu-exige-la-signature-dun-cessez-le-feu-immediat","status":"publish","type":"post","link":"http:\/\/www.latempete.info\/?p=56927","title":{"rendered":"Crise s\u00e9curitaire dans la partie Est du pays: l&rsquo;ONU exige la signature d&rsquo;un cessez-le-feu imm\u00e9diat"},"content":{"rendered":"\n<p><br>Par GKM<\/p>\n\n\n\n<p>Le Conseil de s\u00e9curit\u00e9 de l&rsquo;ONU a fermement condamn\u00e9 la reprise des attaques des rebelles du M23 au Nord-Kivu, et les avanc\u00e9es du M23 vers la ville de Goma et dans d&rsquo;autres zones, aggravant l&rsquo;instabilit\u00e9 dans la r\u00e9gion et exacerbant la situation humanitaire actuelle au Nord-Kivu. <\/p>\n\n\n\n<p>Dans une d\u00e9claration \u00e0 la presse publi\u00e9e mardi soir, les membres du Conseil ont exig\u00e9 \u00a0\u00bb la cessation imm\u00e9diate des hostilit\u00e9s et de toute nouvelle avanc\u00e9e du M23 et son retrait de toutes les zones occup\u00e9es\u00a0\u00bb.<\/p>\n\n\n\n<p>Lors d&rsquo;une r\u00e9union lundi pour discuter de la situation en RDC, le Conseil a \u00e9t\u00e9 inform\u00e9 par la Repr\u00e9sentante sp\u00e9ciale du Secr\u00e9taire g\u00e9n\u00e9ral en RDC et cheffe de la Mission de l&rsquo;Organisation des Nations Unies pour la Stabilisation en R\u00e9publique D\u00e9mocratique du Congo (MONUSCO), Bintou Ke\u00efta. <\/p>\n\n\n\n<p>Dans leur d\u00e9claration, les membres du Conseil de s\u00e9curit\u00e9 ont soulign\u00e9 les engagements pris par la r\u00e9gion dans le cadre de l&rsquo;Accord-cadre pour la paix, la s\u00e9curit\u00e9 et la coop\u00e9ration pour la R\u00e9publique d\u00e9mocratique du Congo et la r\u00e9gion \u00a0\u00bb de ne pas tol\u00e9rer ni fournir d&rsquo;assistance ou de soutien de quelque nature que ce soit aux groupes arm\u00e9s \u00ab\u00a0. Ils ont appel\u00e9 \u00a0\u00bb \u00e0 l&rsquo;arr\u00eat de tout soutien ext\u00e9rieur aux acteurs arm\u00e9s non \u00e9tatiques, y compris le M23 \u00ab\u00a0.<\/p>\n\n\n\n<p>Pr\u00e9occup\u00e9s par les milliers des d\u00e9plac\u00e9s internes<\/p>\n\n\n\n<p>Les membres du Conseil se sont d\u00e9clar\u00e9s profond\u00e9ment pr\u00e9occup\u00e9s par le nombre croissant de personnes d\u00e9plac\u00e9es et de r\u00e9fugi\u00e9s et ont appel\u00e9 toutes les parties, en particulier le M23, \u00e0 permettre \u00a0\u00bb un acc\u00e8s humanitaire s\u00fbr, rapide et sans entrave \u00a0\u00bb \u00e0 ceux qui en ont besoin, et de s&rsquo;abstenir de toute violence contre les civils. <\/p>\n\n\n\n<p>Ils ont appel\u00e9 la communaut\u00e9 internationale \u00e0 accro\u00eetre son soutien au gouvernement congolais pour faire face \u00e0 la crise humanitaire. Les membres du Conseil de s\u00e9curit\u00e9 ont r\u00e9it\u00e9r\u00e9 leur soutien aux efforts r\u00e9gionaux d\u00e9ploy\u00e9s par les chefs d&rsquo;\u00c9tat de la Communaut\u00e9 de l&rsquo;Afrique de l&rsquo;Est dans le cadre du processus de Nairobi et par le Pr\u00e9sident angolais \u00a0\u00bb pour r\u00e9tablir la confiance, r\u00e9soudre les diff\u00e9rends par le dialogue et trouver une paix et une s\u00e9curit\u00e9 durables \u00ab\u00a0.<\/p>\n\n\n\n<p>Ils ont appel\u00e9 \u00a0\u00bb tous les groupes arm\u00e9s \u00e0 cesser imm\u00e9diatement toute forme de violence et ont exhort\u00e9 tous les groupes arm\u00e9s congolais \u00e0 participer sans condition au programme de d\u00e9sarmement, de d\u00e9mobilisation, de rel\u00e8vement et de stabilisation des communaut\u00e9s, et les groupes arm\u00e9s \u00e9trangers \u00e0 d\u00e9sarmer imm\u00e9diatement et \u00e0 retourner dans leurs pays d&rsquo;origine \u00ab\u00a0.<\/p>\n\n\n\n<p>Les membres du Conseil de s\u00e9curit\u00e9 ont reconnu les mesures prises pour op\u00e9rationnaliser la Force r\u00e9gionale et le d\u00e9ploiement des forces du Burundi et de l&rsquo;Ouganda et ont soulign\u00e9 l&rsquo;importance de la protection des civils et de la coordination et du partage d&rsquo;informations avec la Mission onusienne. <\/p>\n\n\n\n<p>Ils ont soulign\u00e9 la n\u00e9cessit\u00e9 de mener toutes les op\u00e9rations dans le strict respect du droit international, y compris le droit international humanitaire et le droit international des droits de l&rsquo;homme, selon le cas.<\/p>\n","protected":false},"excerpt":{"rendered":"<p>Par GKM Le Conseil de s\u00e9curit\u00e9 de l&rsquo;ONU a fermement condamn\u00e9 la reprise des attaques des rebelles du M23 au Nord-Kivu, et les avanc\u00e9es du M23 vers la ville de Goma et dans d&rsquo;autres zones, aggravant l&rsquo;instabilit\u00e9 dans la r\u00e9gion et exacerbant la situation humanitaire actuelle au Nord-Kivu. Dans une d\u00e9claration \u00e0 la presse publi\u00e9e [&hellip;]<\/p>\n","protected":false},"author":1,"featured_media":25453,"comment_status":"closed","ping_status":"closed","sticky":false,"template":"","format":"standard","meta":{"footnotes":""},"categories":[136,134,10],"tags":[],"class_list":["post-56927","post","type-post","status-publish","format-standard","has-post-thumbnail","hentry","category-a-la-une","category-la-tempete-des-tropiques","category-societe"],"_links":{"self":[{"href":"http:\/\/www.latempete.info\/index.php?rest_route=\/wp\/v2\/posts\/56927"}],"collection":[{"href":"http:\/\/www.latempete.info\/index.php?rest_route=\/wp\/v2\/posts"}],"about":[{"href":"http:\/\/www.latempete.info\/index.php?rest_route=\/wp\/v2\/types\/post"}],"author":[{"embeddable":true,"href":"http:\/\/www.latempete.info\/index.php?rest_route=\/wp\/v2\/users\/1"}],"replies":[{"embeddable":true,"href":"http:\/\/www.latempete.info\/index.php?rest_route=%2Fwp%2Fv2%2Fcomments&post=56927"}],"version-history":[{"count":1,"href":"http:\/\/www.latempete.info\/index.php?rest_route=\/wp\/v2\/posts\/56927\/revisions"}],"predecessor-version":[{"id":56928,"href":"http:\/\/www.latempete.info\/index.php?rest_route=\/wp\/v2\/posts\/56927\/revisions\/56928"}],"wp:featuredmedia":[{"embeddable":true,"href":"http:\/\/www.latempete.info\/index.php?rest_route=\/wp\/v2\/media\/25453"}],"wp:attachment":[{"href":"http:\/\/www.latempete.info\/index.php?rest_route=%2Fwp%2Fv2%2Fmedia&parent=56927"}],"wp:term":[{"taxonomy":"category","embeddable":true,"href":"http:\/\/www.latempete.info\/index.php?rest_route=%2Fwp%2Fv2%2Fcategories&post=56927"},{"taxonomy":"post_tag","embeddable":true,"href":"http:\/\/www.latempete.info\/index.php?rest_route=%2Fwp%2Fv2%2Ftags&post=56927"}],"curies":[{"name":"wp","href":"https:\/\/api.w.org\/{rel}","templated":true}]}}