{"id":56933,"date":"2022-11-24T20:55:36","date_gmt":"2022-11-24T20:55:36","guid":{"rendered":"http:\/\/www.latempete.info\/?p=56933"},"modified":"2022-11-24T20:55:38","modified_gmt":"2022-11-24T20:55:38","slug":"recrudescence-de-la-covid-19-en-rdc-mesures-barrieres-et-vaccination-tres-conseillees","status":"publish","type":"post","link":"http:\/\/www.latempete.info\/?p=56933","title":{"rendered":"Recrudescence de la Covid-19 en RDC: mesures barri\u00e8res et vaccination tr\u00e8s conseill\u00e9es"},"content":{"rendered":"\n<p><br>Par K.Kap<\/p>\n\n\n\n<p>Une importante r\u00e9union tenue le mardi 22 novembre \u00e0 l\u2019H\u00f4tel du Gouvernement a insist\u00e9 sur le respect strict des mesures barri\u00e8res et la vaccination. Ce, face \u00e0 l\u2019augmentation des cas positifs \u00e0 la maladie \u00e0 coronavirus ces quatre derni\u00e8res semaines en RDC.<\/p>\n\n\n\n<p>D\u00e9voilant l\u2019essentiel de la rencontre ayant connu la participation des membres du comit\u00e9 multisectoriel de riposte contre la Covid-19, le Ministre en charge de la Sant\u00e9 a rassur\u00e9 la population quant au taux faible de l\u00e9talit\u00e9 malgr\u00e9 cette recrudescence. Pour lui, c\u2019est une sixi\u00e8me vague de faible intensit\u00e9.<\/p>\n\n\n\n<p>Le Dr Jacques Mbungani a indiqu\u00e9 que cette \u00e9valuation a \u00e9t\u00e9 voulue en vue de transmettre par la suite des conclusions au Pr\u00e9sident de la R\u00e9publique pour une \u00e9ventuelle d\u00e9cision avec la Task-Force.<\/p>\n\n\n\n<p> Dans l\u2019entretemps, il a \u00e9t\u00e9 plus question de rappeler le respect des gestes barri\u00e8res, le r\u00e9flexe de porter les masques, de se laver les mains \u00e0 l\u2019eau ou \u00e0 au gel hydro-alcoolique, de maintenir une distanciation sociale. L\u2019intensification de la vaccination est aussi n\u00e9cessaire pour \u00e9viter une vague avec une forte intensit\u00e9.<\/p>\n\n\n\n<p> D\u2019apr\u00e8s lui, il y a un peu plus de 12 millions de personnes qui ont eu au moins une dose de vaccin et un peu plus de 6 millions ayant re\u00e7u deux doses de vaccin. L\u2019essentiel est d\u2019augmenter, la population cible \u00e0 vacciner \u00e9tant de 52 millions de personnes.<\/p>\n\n\n\n<p>Pr\u00e9sid\u00e9e par le Premier Ministre Jean-Michel Sama Lukonde Kyenge, cette r\u00e9union a connu aussi la participation d\u2019autres membres du Gouvernement, le Gouverneur de la ville province de Kinshasa et le G\u00e9n\u00e9ral Sylvano Kasongo.<\/p>\n","protected":false},"excerpt":{"rendered":"<p>Par K.Kap Une importante r\u00e9union tenue le mardi 22 novembre \u00e0 l\u2019H\u00f4tel du Gouvernement a insist\u00e9 sur le respect strict des mesures barri\u00e8res et la vaccination. Ce, face \u00e0 l\u2019augmentation des cas positifs \u00e0 la maladie \u00e0 coronavirus ces quatre derni\u00e8res semaines en RDC. D\u00e9voilant l\u2019essentiel de la rencontre ayant connu la participation des membres [&hellip;]<\/p>\n","protected":false},"author":1,"featured_media":0,"comment_status":"closed","ping_status":"closed","sticky":false,"template":"","format":"standard","meta":{"footnotes":""},"categories":[134,122,10],"tags":[],"class_list":["post-56933","post","type-post","status-publish","format-standard","hentry","category-la-tempete-des-tropiques","category-sante","category-societe"],"_links":{"self":[{"href":"http:\/\/www.latempete.info\/index.php?rest_route=\/wp\/v2\/posts\/56933"}],"collection":[{"href":"http:\/\/www.latempete.info\/index.php?rest_route=\/wp\/v2\/posts"}],"about":[{"href":"http:\/\/www.latempete.info\/index.php?rest_route=\/wp\/v2\/types\/post"}],"author":[{"embeddable":true,"href":"http:\/\/www.latempete.info\/index.php?rest_route=\/wp\/v2\/users\/1"}],"replies":[{"embeddable":true,"href":"http:\/\/www.latempete.info\/index.php?rest_route=%2Fwp%2Fv2%2Fcomments&post=56933"}],"version-history":[{"count":1,"href":"http:\/\/www.latempete.info\/index.php?rest_route=\/wp\/v2\/posts\/56933\/revisions"}],"predecessor-version":[{"id":56934,"href":"http:\/\/www.latempete.info\/index.php?rest_route=\/wp\/v2\/posts\/56933\/revisions\/56934"}],"wp:attachment":[{"href":"http:\/\/www.latempete.info\/index.php?rest_route=%2Fwp%2Fv2%2Fmedia&parent=56933"}],"wp:term":[{"taxonomy":"category","embeddable":true,"href":"http:\/\/www.latempete.info\/index.php?rest_route=%2Fwp%2Fv2%2Fcategories&post=56933"},{"taxonomy":"post_tag","embeddable":true,"href":"http:\/\/www.latempete.info\/index.php?rest_route=%2Fwp%2Fv2%2Ftags&post=56933"}],"curies":[{"name":"wp","href":"https:\/\/api.w.org\/{rel}","templated":true}]}}