{"id":57504,"date":"2022-12-28T12:35:58","date_gmt":"2022-12-28T12:35:58","guid":{"rendered":"http:\/\/www.latempete.info\/?p=57504"},"modified":"2022-12-28T12:36:05","modified_gmt":"2022-12-28T12:36:05","slug":"retro-2022-les-faits-culturels-marquants-de-lannee","status":"publish","type":"post","link":"http:\/\/www.latempete.info\/?p=57504","title":{"rendered":"R\u00e9tro 2022: les faits culturels marquants de l&rsquo;ann\u00e9e"},"content":{"rendered":"\n<p><br>Par YHR<\/p>\n\n\n\n<p>2022 s&rsquo;ach\u00e8ve dans quelques jours. Encore une ann\u00e9e bien remplie sur le plan culturel. Ainsi, a eu lieu du 04 au 06 f\u00e9vrier 2022 au village Ihusi, \u00e0 Goma, la 8\u00e8me \u00e9dition du festival Amani. Cet \u00e9v\u00e8nement culturel a r\u00e9uni les artistes, ainsi que les personnes venues de diverses r\u00e9gions du monde pour chanter, \u00e9changer et danser pour la paix dans cette partie de la R\u00e9publique D\u00e9mocratique du Congo victime de l&rsquo;instabilit\u00e9 sur le plan s\u00e9curitaire depuis environ plus de deux d\u00e9cennies.<\/p>\n\n\n\n<p>Le mardi 22 mars, au Pavillon de la R\u00e9publique D\u00e9mocratique du Congo \u00e0 l&rsquo;expo Duba\u00ef 2020, c&rsquo;est le Pr\u00e9sident F\u00e9lix-Antoine Tshisekedi Tshilombo qui a notamment vant\u00e9 la culture du pays, la Rumba congolaise, qui vient d&rsquo;\u00eatre consacr\u00e9e par l&rsquo;Organisation des Nations Unies pour l&rsquo;\u00e9ducation, la science et la culture (UNESCO) patrimoine mondial immat\u00e9riel de l&rsquo;humanit\u00e9. Par ailleurs, le pavillon rd congolais a \u00e9t\u00e9 prim\u00e9 dans la cat\u00e9gorie Opportunit\u00e9. Une 2\u00e8me place, avec devant lui celui des \u00eeles Tonga et derri\u00e8re lui celui des \u00eeles Fidji.<\/p>\n\n\n\n<p>La villa de feu Papa Wemba \u00e0 l&rsquo;honneur<\/p>\n\n\n\n<p>En avril, c&rsquo;est la villa de feu Papa Wemba, qui \u00e9tait r\u00e9cup\u00e9r\u00e9e par le minist\u00e8re de la Culture, Arts et Patrimoines, des mains de la veuve, Madame Amazone. Le Gouvernement compte immortaliser cet artiste en cr\u00e9ant un mus\u00e9e en son honneur. Ce dernier pourra attirer des touristes du monde entier. Car, ils y trouveront les biens de valeurs artistiques de cette star de la musique africaine.<\/p>\n\n\n\n<p>Le 30 juin, ce sont les fringants quinquag\u00e9naires de Wenge Musica 4&#215;4 Tout terrain qui envahissaient le Stade des Martyrs de la Pentec\u00f4te, pour un \u00a0\u00bb concert de r\u00e9unification \u00ab\u00a0. 25 ans apr\u00e8s la dislocation de cette formation musicale, jour de la comm\u00e9moration du 62\u00e8me anniversaire de l&rsquo;ind\u00e9pendance de la R\u00e9publique D\u00e9mocratique du Congo. Le concert s&rsquo;est cl\u00f4tur\u00e9 sans incident majeur et tout le monde est rentr\u00e9 chez soi.<\/p>\n\n\n\n<p>Du 1 au 3 septembre a eu lieu la 4\u00e8me \u00e9dition de \u00a0\u00bb Kinshasa Mboka ya Masano \u00ab\u00a0, \u00e0 l&rsquo;Institut National Pilote d&rsquo;Enseignement des Sciences de Sant\u00e9 (INPSS). Durant deux jours, il y a eu pr\u00e9sentation de la mode telle con\u00e7ue en RD Congo. Le m\u00eame mois Jacob Jay, repr\u00e9sentant la ville de Kinshasa, a remport\u00e9, dans la nuit de dimanche \u00e0 lundi 19, la couronne de la 7\u00e8me \u00e9dition du concours musical national VODACOM Best of the Best. <\/p>\n\n\n\n<p>L&rsquo;homme a termin\u00e9 en t\u00eate devant six autres candidats, sur les 19 retenus pour la finale dont deux de Kinshasa et quatre de Bukavu (Sud-Kivu), Bunia (Ituri), Kolwezi (Lualaba) et Tshikapa (Kasa\u00ef). Avec cette victoire, Jacob Jay gagne une cagnotte et un contrat de production avec la maison Sony Music Afrique.<\/p>\n\n\n\n<p>Ceux qui nous ont quitt\u00e9<\/p>\n\n\n\n<p>Onze morts, dont deux policiers dans des d\u00e9bordements qui auraient eu lieu dans et autour du stade des Martyrs, \u00e0 l&rsquo;occasion du concert de Fally Ipupa, le samedi 30 octobre. Le chanteur f\u00eatait ses quinze ans de carri\u00e8re solo. Le com\u00e9dien Mayimputu Kuedi est d\u00e9c\u00e9d\u00e9 le mardi 30 ao\u00fbt. <\/p>\n\n\n\n<p>L&rsquo;annonce a \u00e9t\u00e9 faite par son confr\u00e8re Caleb Tukebana, via son compte Facebook. L&rsquo;homme avait \u00e9t\u00e9 victime d&rsquo;une \u00a0\u00bb forme l\u00e9g\u00e8re d&rsquo;accident vasculaire c\u00e9r\u00e9bral \u00ab\u00a0. Une information rendue publique par ses proches le samedi 28 ao\u00fbt. Depuis, l&rsquo;acteur \u00e2g\u00e9 de 70 ans demeurait depuis dans un \u00e9tat de sant\u00e9 fragile.<\/p>\n\n\n\n<p>Le musicien et producteur Verckys Kiamuangana Mateta, fondateur du label V\u00e9v\u00e9, s&rsquo;est \u00e9teint le 13 octobre \u00e0 Kinshasa \u00e0 l&rsquo;\u00e2ge de 78 ans. De Franco \u00e0 Pepe Kalle en passant par le Trio Madjesi ou Zaiko Langa Langa, Verckys a travaill\u00e9 avec tous les grands noms de la rumba.<br>La chanteuse Tshala Muana d\u00e9c\u00e9d\u00e9e le 10 d\u00e9cembre \u00e0 Kinshasa, \u00e0 l&rsquo;\u00e2ge de 64 ans, est venue allonger la liste noire.<\/p>\n\n\n\n<p> L&rsquo;artiste aux 40 ans de carri\u00e8re s&rsquo;\u00e9tait fait conna\u00eetre par son style qui puisait avant tout au folklore luba. C&rsquo;est de l\u00e0 que vient le mutuashi, un rythme et une danse qui ont fait sa gloire.<\/p>\n","protected":false},"excerpt":{"rendered":"<p>Par YHR 2022 s&rsquo;ach\u00e8ve dans quelques jours. Encore une ann\u00e9e bien remplie sur le plan culturel. Ainsi, a eu lieu du 04 au 06 f\u00e9vrier 2022 au village Ihusi, \u00e0 Goma, la 8\u00e8me \u00e9dition du festival Amani. Cet \u00e9v\u00e8nement culturel a r\u00e9uni les artistes, ainsi que les personnes venues de diverses r\u00e9gions du monde pour [&hellip;]<\/p>\n","protected":false},"author":1,"featured_media":57152,"comment_status":"closed","ping_status":"closed","sticky":false,"template":"","format":"standard","meta":{"footnotes":""},"categories":[126,8,134,29],"tags":[],"class_list":["post-57504","post","type-post","status-publish","format-standard","has-post-thumbnail","hentry","category-cinema","category-culture-media","category-la-tempete-des-tropiques","category-musique"],"_links":{"self":[{"href":"http:\/\/www.latempete.info\/index.php?rest_route=\/wp\/v2\/posts\/57504"}],"collection":[{"href":"http:\/\/www.latempete.info\/index.php?rest_route=\/wp\/v2\/posts"}],"about":[{"href":"http:\/\/www.latempete.info\/index.php?rest_route=\/wp\/v2\/types\/post"}],"author":[{"embeddable":true,"href":"http:\/\/www.latempete.info\/index.php?rest_route=\/wp\/v2\/users\/1"}],"replies":[{"embeddable":true,"href":"http:\/\/www.latempete.info\/index.php?rest_route=%2Fwp%2Fv2%2Fcomments&post=57504"}],"version-history":[{"count":1,"href":"http:\/\/www.latempete.info\/index.php?rest_route=\/wp\/v2\/posts\/57504\/revisions"}],"predecessor-version":[{"id":57505,"href":"http:\/\/www.latempete.info\/index.php?rest_route=\/wp\/v2\/posts\/57504\/revisions\/57505"}],"wp:featuredmedia":[{"embeddable":true,"href":"http:\/\/www.latempete.info\/index.php?rest_route=\/wp\/v2\/media\/57152"}],"wp:attachment":[{"href":"http:\/\/www.latempete.info\/index.php?rest_route=%2Fwp%2Fv2%2Fmedia&parent=57504"}],"wp:term":[{"taxonomy":"category","embeddable":true,"href":"http:\/\/www.latempete.info\/index.php?rest_route=%2Fwp%2Fv2%2Fcategories&post=57504"},{"taxonomy":"post_tag","embeddable":true,"href":"http:\/\/www.latempete.info\/index.php?rest_route=%2Fwp%2Fv2%2Ftags&post=57504"}],"curies":[{"name":"wp","href":"https:\/\/api.w.org\/{rel}","templated":true}]}}