{"id":57717,"date":"2023-01-23T11:16:11","date_gmt":"2023-01-23T11:16:11","guid":{"rendered":"http:\/\/www.latempete.info\/?p=57717"},"modified":"2023-01-23T11:16:12","modified_gmt":"2023-01-23T11:16:12","slug":"louvrage-enjeux-militaires-contemporains-et-geostrategique-du-cyberespace-porte-sur-les-fonts-baptismaux","status":"publish","type":"post","link":"http:\/\/www.latempete.info\/?p=57717","title":{"rendered":"L&rsquo;ouvrage \u00ab\u00a0Enjeux militaires contemporains, et g\u00e9ostrat\u00e9gique du cyberespace\u00a0\u00bb port\u00e9 sur les fonts baptismaux"},"content":{"rendered":"\n<p><br>Par Tantia Sakata<\/p>\n\n\n\n<p>La c\u00e9r\u00e9monie du vernissage de l&rsquo;ouvrage \u00ab\u00a0enjeux militaires contemporains, et g\u00e9ostrat\u00e9gique du cyberespace: De l&rsquo;autonomie strat\u00e9gique des Forces arm\u00e9es de la RDC\u00a0\u00bb a \u00e9t\u00e9 le 21 janvier dernier dans l&rsquo;amphith\u00e9\u00e2tre du Coll\u00e8ge des Hautes Etudes des Strat\u00e9gies et de d\u00e9fense (CHESD), \u00e0 Kinshasa.<\/p>\n\n\n\n<p> Le bapt\u00eame de ce livre a \u00e9t\u00e9 assur\u00e9 par le Chef de la maison militaire du Pr\u00e9sident de la R\u00e9publique, le lieutenant-g\u00e9n\u00e9ral Franck Buamunda Ntumba, qui a qualifi\u00e9 cet ouvrage d&rsquo;interpellateur. Constitu\u00e9 plus de 150 pages, il est pr\u00e9fac\u00e9 par l&rsquo;Inspecteur g\u00e9n\u00e9ral des FARDC, le g\u00e9n\u00e9ral d&rsquo;arm\u00e9e Amisi Kumba. <\/p>\n\n\n\n<p>C&rsquo;est un livre de litt\u00e9rature militaire \u00e9crit par Arthur Omar Kayumba. Ce dernier a voulu projeter le pays vers le progr\u00e8s des arm\u00e9es selon les exigences de ces derni\u00e8res de pouvoir s&rsquo;adapter avec les enjeux militaires contemporains du moment. \u00ab\u00a0On se demande quel est l&rsquo;\u00e9tat des lieux aujourd&rsquo;hui de nos forces arm\u00e9es, comment nos forces arm\u00e9es mettent-elles les 5 objectifs traditionnels (dissuasion, protection, intervention, pr\u00e9vention et anticipation) au regard du contexte contemporain des arm\u00e9es\u00a0\u00bb, a dit l&rsquo;\u00e9crivain.<\/p>\n\n\n\n<p>Dans l&rsquo;ouvrage, il est \u00e9galement question de savoir comment les arm\u00e9es modernes travaillent-elles dans la pr\u00e9servation des int\u00e9r\u00eats fondamentaux de la nation, \u00e0 savoir l&rsquo;ind\u00e9pendance, la souverainet\u00e9 et le d\u00e9veloppement durable.<\/p>\n\n\n\n<p>En se posant la question sur l&rsquo;autonomie strat\u00e9gique de la RDC actuellement, l&rsquo;auteur Kayumba a indiqu\u00e9 que chaque Etat s&rsquo;investit \u00e0 construire une autonomie strat\u00e9gique nationale bas\u00e9e sur l&rsquo;industrie de la d\u00e9fense, les dynamiques technologiques et militaires, les enjeux r\u00e9gionaux et globaux ainsi que sur les nouvelles dynamiques humaines et du champ informationnel.<\/p>\n\n\n\n<p>Le Pr\u00e9sident du Forum national de la jeunesse (FNJ), Patrick Katengo, a demand\u00e9 \u00e0 tous les jeunes de la RDC de se procurer l&rsquo;ouvrage pour d\u00e9couvrir ce qu&rsquo;il cache.<\/p>\n\n\n\n<p>\u00ab\u00a0Il apporte un plus en terme de g\u00e9ostrat\u00e9gie militaire dans ce pays qu&rsquo;est la RDC. En plus, il interpelle d&rsquo;avantage nos compatriotes \u00e0 voir quelle attitude \u00e0 adopter au c\u00f4t\u00e9 des militaires parce que les relations \u00ab\u00a0civilo-militaires\u00a0\u00bb doivent \u00eatre de mise. Donc, en ce moment, nous allons aider notre arm\u00e9e \u00e0 poursuivre jusqu&rsquo;au dernier retranchement les terroristes qui sont en train de menacer la paix et la s\u00e9curit\u00e9 dans notre pays\u00a0\u00bb, a-t-il ajout\u00e9.<\/p>\n\n\n\n<p>Notons que Arthur Omar Kayumba est un chercheur et \u00e9crivain congolais ayant plusieurs articles dans son actif. Laur\u00e9at de plusieurs troph\u00e9es et distinctions, il \u00e9tait ambassadeur de la jeunesse et des enfants. Il a, par la m\u00eame occasion, d\u00e9dicac\u00e9 le num\u00e9ro z\u00e9ro de son ouvrage au Pr\u00e9sident de la R\u00e9publique.<\/p>\n","protected":false},"excerpt":{"rendered":"<p>Par Tantia Sakata La c\u00e9r\u00e9monie du vernissage de l&rsquo;ouvrage \u00ab\u00a0enjeux militaires contemporains, et g\u00e9ostrat\u00e9gique du cyberespace: De l&rsquo;autonomie strat\u00e9gique des Forces arm\u00e9es de la RDC\u00a0\u00bb a \u00e9t\u00e9 le 21 janvier dernier dans l&rsquo;amphith\u00e9\u00e2tre du Coll\u00e8ge des Hautes Etudes des Strat\u00e9gies et de d\u00e9fense (CHESD), \u00e0 Kinshasa. Le bapt\u00eame de ce livre a \u00e9t\u00e9 assur\u00e9 par [&hellip;]<\/p>\n","protected":false},"author":1,"featured_media":57718,"comment_status":"closed","ping_status":"closed","sticky":false,"template":"","format":"standard","meta":{"footnotes":""},"categories":[134,128,30,10],"tags":[],"class_list":["post-57717","post","type-post","status-publish","format-standard","has-post-thumbnail","hentry","category-la-tempete-des-tropiques","category-litterature","category-revue-de-presse","category-societe"],"_links":{"self":[{"href":"http:\/\/www.latempete.info\/index.php?rest_route=\/wp\/v2\/posts\/57717"}],"collection":[{"href":"http:\/\/www.latempete.info\/index.php?rest_route=\/wp\/v2\/posts"}],"about":[{"href":"http:\/\/www.latempete.info\/index.php?rest_route=\/wp\/v2\/types\/post"}],"author":[{"embeddable":true,"href":"http:\/\/www.latempete.info\/index.php?rest_route=\/wp\/v2\/users\/1"}],"replies":[{"embeddable":true,"href":"http:\/\/www.latempete.info\/index.php?rest_route=%2Fwp%2Fv2%2Fcomments&post=57717"}],"version-history":[{"count":1,"href":"http:\/\/www.latempete.info\/index.php?rest_route=\/wp\/v2\/posts\/57717\/revisions"}],"predecessor-version":[{"id":57719,"href":"http:\/\/www.latempete.info\/index.php?rest_route=\/wp\/v2\/posts\/57717\/revisions\/57719"}],"wp:featuredmedia":[{"embeddable":true,"href":"http:\/\/www.latempete.info\/index.php?rest_route=\/wp\/v2\/media\/57718"}],"wp:attachment":[{"href":"http:\/\/www.latempete.info\/index.php?rest_route=%2Fwp%2Fv2%2Fmedia&parent=57717"}],"wp:term":[{"taxonomy":"category","embeddable":true,"href":"http:\/\/www.latempete.info\/index.php?rest_route=%2Fwp%2Fv2%2Fcategories&post=57717"},{"taxonomy":"post_tag","embeddable":true,"href":"http:\/\/www.latempete.info\/index.php?rest_route=%2Fwp%2Fv2%2Ftags&post=57717"}],"curies":[{"name":"wp","href":"https:\/\/api.w.org\/{rel}","templated":true}]}}