{"id":58817,"date":"2023-03-10T12:24:34","date_gmt":"2023-03-10T12:24:34","guid":{"rendered":"http:\/\/www.latempete.info\/?p=58817"},"modified":"2023-03-10T12:25:42","modified_gmt":"2023-03-10T12:25:42","slug":"ixemes-jeux-de-la-francophonie-mascotte-devoilee-sama-confirme-lengagement","status":"publish","type":"post","link":"http:\/\/www.latempete.info\/?p=58817","title":{"rendered":"IX\u00e8mes Jeux de la Francophonie: mascotte d\u00e9voil\u00e9e, Sama confirme l&rsquo;engagement"},"content":{"rendered":"\n<p><br>Par Marcel Tshishiku<\/p>\n\n\n\n<p>A la c\u00e9r\u00e9monie de d\u00e9voilement de la mascotte des 9\u00e8mes jeux de la Francophonie, le Premier Ministre Jean-Michel Sama a confirm\u00e9 l&rsquo;engagement du Gouvernement pour la r\u00e9ussite de ce grand rendez-vous sportif de l&rsquo;espace francophone Le Premier Ministre, Jean-Michel Sama lukonde Kyenge, a pr\u00e9sid\u00e9 la c\u00e9r\u00e9monie du d\u00e9voilement de la mascotte des 9\u00e8mes jeux de la francophonie, hier jeudi 9 mars 2023, dans la salle des pl\u00e9ni\u00e8res de l&rsquo;Assembl\u00e9e nationale. <\/p>\n\n\n\n<p>En pr\u00e9sence des membres du Gouvernement, des Ambassadeurs et chefs de mission diplomatique accr\u00e9dit\u00e9s en RDC, de Madame la Repr\u00e9sentante sp\u00e9ciale du Chef de l&rsquo;\u00c9tat \u00e0 la Francophonie, du directeur national des 9\u1d49 jeux de la francophonie, et de plusieurs autres personnalit\u00e9s, il a \u00e9t\u00e9 d\u00e9voil\u00e9 le gagnant du concours lanc\u00e9 pour le choix de la mascotte.<\/p>\n\n\n\n<p>Dans son allocution, le Chef du Gouvernement a confirm\u00e9 l&rsquo;engagement de la R\u00e9publique d\u00e9mocratique du Congo \u00e0 r\u00e9ussir l&rsquo;organisation de ces 9\u00e8mes jeux de la Francophonie.<\/p>\n\n\n\n<p>\u00a0\u00bb Plac\u00e9 sous le haut patronage de Son Excellence Monsieur le Pr\u00e9sident de la R\u00e9publique, chef de l&rsquo;\u00c9tat, F\u00e9lix-Antoine Tshisekedi Tshilombo, cette c\u00e9r\u00e9monies de d\u00e9voilement de la mascotte des 9\u00e8mes jeux de la francophonie de Kinshasa est pleine de significations \u00e0 divers titres. Elle confirme la d\u00e9termination du Chef de l&rsquo;\u00c9tat, maintes fois exprim\u00e9e, de voir la R\u00e9publique d\u00e9mocratique du Congo, plus grand pays de la Francophonie, par sa population, r\u00e9ussir les 9\u00e8mes de Kinshasa pr\u00e9vus ici \u00e0 la fin du mois de juillet et d\u00e9but ao\u00fbt 2023. Kinshasa, je rappelle, de facto la plus grande ville francophone au monde. <\/p>\n\n\n\n<p>Cette c\u00e9r\u00e9monie, haute en couleurs, rappelle que les processus tant technique qu&rsquo;organisationnel est bel et bien engag\u00e9. Il est en marche. Et pour tout dire, il est en pleine action pour atteindre sa vitesse de croisi\u00e8re, pour atteindre sa mat\u00e9rialisation. Et tout ceci, bien s\u00fbr, sous la supervision attentive du Gouvernement de la R\u00e9publique. Et donc, je viens confirmer et exprimer, ce jour, l&rsquo;engagement de notre pays \u00e0 tenir ces 9\u00e8mes jeux de la francophonie. <\/p>\n\n\n\n<div class=\"wp-block-image\"><figure class=\"aligncenter size-large\"><img loading=\"lazy\" decoding=\"async\" width=\"220\" height=\"290\" src=\"http:\/\/www.latempete.info\/wp-content\/uploads\/Mascotte-devoilee-Sama-confirme-lengagement1-220x290.jpeg\" alt=\"\" class=\"wp-image-58819\" srcset=\"http:\/\/www.latempete.info\/wp-content\/uploads\/Mascotte-devoilee-Sama-confirme-lengagement1-220x290.jpeg 220w, http:\/\/www.latempete.info\/wp-content\/uploads\/Mascotte-devoilee-Sama-confirme-lengagement1-99x130.jpeg 99w, http:\/\/www.latempete.info\/wp-content\/uploads\/Mascotte-devoilee-Sama-confirme-lengagement1.jpeg 720w\" sizes=\"(max-width: 220px) 100vw, 220px\" \/><\/figure><\/div>\n\n\n\n<p>Je puis vous assurer que le gouvernement ne m\u00e9nage aucun effort. Il met tout en \u0153uvre pour garantir, tant au niveau des infrastructures qu&rsquo;au niveau organisationnel et culturel devant accueillir les athl\u00e8tes et les artistes, que ceci se fasse \u00e0 la hauteur de ce grand rendez-vous de Kinshasa et qui, je n&rsquo;en doute pas, est vou\u00e9 \u00e0 entrer dans les annales de la francophonie. <\/p>\n\n\n\n<p>Je profite de cette c\u00e9r\u00e9monie pour r\u00e9it\u00e9rer notre appel \u00e0 tous pays membres de la francophonie de confirmer notre participation. \u00c0 cet effet, nous gardons bon espoir, parce que, jusqu&rsquo;\u00e0 ce jour, 4.350 athl\u00e8tes et artistes des quatres coins du monde ont d\u00e9j\u00e0 confirm\u00e9 leur participation\u00a0\u00bb, a dit le Premier Ministre Sama Lukonde.<\/p>\n\n\n\n<p>Concluant son propos, le premier des warriors a fait un clin d&rsquo;\u0153il \u00e0 la mascotte des 9\u1d49 de la Francophonie.<br>\u00ab\u00a0Cette mascotte \u00ab\u00a0masano\u00a0\u00bb. Et nos f\u00e9licitations encore \u00e0 ce gagnant, qui est venu nous proposer ce qui va nous amener dans la communication en attendant et pendant ces jeux de la Francophonie. Plus qu&rsquo;une symbolique, cette mascotte constitue d\u00e9sormais un vrai personnage.<\/p>\n\n\n\n<p> Et je voudrais nous inviter, comme \u00e7a l&rsquo;a \u00e9t\u00e9 fait par le ministre de la Communication, \u00e0 en faire la promotion pour garantir cette animation avec tous nos jeunes de l&rsquo;espace francophone lors de ce grand \u00e9v\u00e9nement. Tous comme \u00e0 la 9\u1d49 jeux de la Francophonie, je souhaite bon vent \u00e0 notre mascotte\u00a0\u00bb, a-t-il lanc\u00e9.<\/p>\n\n\n\n<p>Le jeune Eale Bokongo est celui qui a remport\u00e9 le concours de la mascotte. Ce dernier a re\u00e7u des mains du Premier Ministre un ch\u00e8que de 10.180.000 francs congolais, \u00e9quivalent de 5000 dollars am\u00e9ricains. Il sied de noter que la ville de Kinshasa, capitale de la RDC accueille du 28 juillet au 6 ao\u00fbt 2023, les 9\u00e8mes jeux de la francophonie.<\/p>\n\n\n\n<p>Plus des 4 000 jeunes talents sportifs et artistes, issus des 88 \u00c9tats et Gouvernements de la francophonie, sont invit\u00e9s \u00e0 participer \u00e0 ce plus grand \u00e9v\u00e9nement sportif et culturel de l&rsquo;espace francophone d\u00e9di\u00e9 \u00e0 la jeunesse.<br>( TDT\/Cellule de communication de 4 Primature)<\/p>\n","protected":false},"excerpt":{"rendered":"<p>Par Marcel Tshishiku A la c\u00e9r\u00e9monie de d\u00e9voilement de la mascotte des 9\u00e8mes jeux de la Francophonie, le Premier Ministre Jean-Michel Sama a confirm\u00e9 l&rsquo;engagement du Gouvernement pour la r\u00e9ussite de ce grand rendez-vous sportif de l&rsquo;espace francophone Le Premier Ministre, Jean-Michel Sama lukonde Kyenge, a pr\u00e9sid\u00e9 la c\u00e9r\u00e9monie du d\u00e9voilement de la mascotte des [&hellip;]<\/p>\n","protected":false},"author":1,"featured_media":58819,"comment_status":"closed","ping_status":"closed","sticky":false,"template":"","format":"standard","meta":{"footnotes":""},"categories":[136,44,134,6],"tags":[],"class_list":["post-58817","post","type-post","status-publish","format-standard","has-post-thumbnail","hentry","category-a-la-une","category-athletisme","category-la-tempete-des-tropiques","category-sport"],"_links":{"self":[{"href":"http:\/\/www.latempete.info\/index.php?rest_route=\/wp\/v2\/posts\/58817"}],"collection":[{"href":"http:\/\/www.latempete.info\/index.php?rest_route=\/wp\/v2\/posts"}],"about":[{"href":"http:\/\/www.latempete.info\/index.php?rest_route=\/wp\/v2\/types\/post"}],"author":[{"embeddable":true,"href":"http:\/\/www.latempete.info\/index.php?rest_route=\/wp\/v2\/users\/1"}],"replies":[{"embeddable":true,"href":"http:\/\/www.latempete.info\/index.php?rest_route=%2Fwp%2Fv2%2Fcomments&post=58817"}],"version-history":[{"count":1,"href":"http:\/\/www.latempete.info\/index.php?rest_route=\/wp\/v2\/posts\/58817\/revisions"}],"predecessor-version":[{"id":58820,"href":"http:\/\/www.latempete.info\/index.php?rest_route=\/wp\/v2\/posts\/58817\/revisions\/58820"}],"wp:featuredmedia":[{"embeddable":true,"href":"http:\/\/www.latempete.info\/index.php?rest_route=\/wp\/v2\/media\/58819"}],"wp:attachment":[{"href":"http:\/\/www.latempete.info\/index.php?rest_route=%2Fwp%2Fv2%2Fmedia&parent=58817"}],"wp:term":[{"taxonomy":"category","embeddable":true,"href":"http:\/\/www.latempete.info\/index.php?rest_route=%2Fwp%2Fv2%2Fcategories&post=58817"},{"taxonomy":"post_tag","embeddable":true,"href":"http:\/\/www.latempete.info\/index.php?rest_route=%2Fwp%2Fv2%2Ftags&post=58817"}],"curies":[{"name":"wp","href":"https:\/\/api.w.org\/{rel}","templated":true}]}}