{"id":59195,"date":"2023-03-28T13:39:26","date_gmt":"2023-03-28T13:39:26","guid":{"rendered":"http:\/\/www.latempete.info\/?p=59195"},"modified":"2023-03-28T13:46:19","modified_gmt":"2023-03-28T13:46:19","slug":"le-programme-de-developpement-local-des-territoires-lance-au-kongo-central","status":"publish","type":"post","link":"http:\/\/www.latempete.info\/?p=59195","title":{"rendered":"Le Programme de d\u00e9veloppement local des territoires lanc\u00e9 au Kongo Central"},"content":{"rendered":"\n<p><br>Dieudonn\u00e9 Muaka Dimbi<\/p>\n\n\n\n<p>Le Pr\u00e9sident de la R\u00e9publique, F\u00e9lix Antoine Tshisekedi Tshilombo fait du d\u00e9veloppement des 145 territoires du pays l\u2019une de ses priorit\u00e9s de son mandat. C\u2019est dans ce cadre que le Gouverneur du Kongo Central, Dr Guy Bandu Ndungidi, vient de lancer ledit programme dans les territoires composant cette province. \u00c0 Seke-Banza, Songololo, \u00e0 Kasangulu et dans d\u2019autres territoires, l\u2019ex\u00e9cution des travaux pr\u00e9vus dans le cadre du Programme de D\u00e9veloppement Local de 145 territoires (PDL-145 T), se poursuit, \u00e0 la satisfaction des populations locales. Le lancement officiel a eu lieu le week-end dernier.<\/p>\n\n\n\n<p>C\u2019est le Gouverneur Guy Bandu Ndungidi qui a personnellement lanc\u00e9 les travaux, en pr\u00e9sence des \u00e9lus provinciaux, des membres du gouvernement provincial , et ceux des Conseils provincial et local de s\u00e9curit\u00e9, ainsi qu\u2019une d\u00e9l\u00e9gation des membres de la Cellule d\u2019Ex\u00e9cution de Financement en faveur des Etats fragiles, conduite par Euphraim Lutete, leur repr\u00e9sentant.<\/p>\n\n\n\n<p>Cet ambitieux programme qui est l\u2019\u0153uvre personnelle du Chef de l\u2019Etat F\u00e9lix Antoine Tshisekedi Tshilombo, vise entre autres l\u2019am\u00e9lioration des conditions de vie des populations et la lutte contre la pauvret\u00e9 qui gangr\u00e8ne surtout les personnes vivant dans les milieux ruraux de la R\u00e9publique D\u00e9mocratique du Congo. A noter que cette c\u00e9r\u00e9monie a \u00e9t\u00e9 aussi marqu\u00e9e par la pose symbolique de la premi\u00e8re pierre annon\u00e7ant, de mani\u00e8re solennelle, le d\u00e9but de tous les travaux pr\u00e9vus dans le cadre de ce programme pour la province du Kongo Central. Travaux qui sont pr\u00e9sentement en pleine ex\u00e9cution.<\/p>\n\n\n\n<p>Au cours de cette c\u00e9r\u00e9monie, il y a eu aussi la remise des motos aux Administrateurs de territoires pour leur mobilit\u00e9 et le suivi efficace de l\u2019ex\u00e9cution dudit programme.<\/p>\n\n\n\n<p>Il sied de signaler que ces travaux ont trait \u00e0 la construction de 174 infrastructures dont 93 \u00e9coles primaires, 71 centres de sant\u00e9 et 10 b\u00e2timents administratifs dont 1 par territoire.<\/p>\n\n\n\n<p>Aucun territoire n\u2019a \u00e9t\u00e9 oubli\u00e9 dans ce vaste programme qui constitue une grande premi\u00e8re dans l\u2019histoire de la R\u00e9publique D\u00e9mocratique du Congo.<\/p>\n\n\n\n<p>A l\u2019occasion, le Chef de l\u2019Ex\u00e9cutif provincial a rendu un hommage d\u00e9f\u00e9rent au Pr\u00e9sident de la R\u00e9publique pour avoir initi\u00e9 ce programme qui, au finish, sera \u00e0 m\u00eame de transformer davantage la RD. Congo et, \u00e9ventuellement, changer la vie des Congolaises et Congolais.<\/p>\n\n\n\n<p>Profitant de sa pr\u00e9sence dans deux des trois territoires visit\u00e9s, le Gouverneur Guy Bandu Ndungidi a inaugur\u00e9 plusieurs infrastructures construites sur fonds propres du gouvernement provincial. Notamment, l\u2019Ecole Technique Professionnelle de Seke-Banza et de Kasangulu. Aussi, il a lanc\u00e9, au nom du gouvernement provincial, les travaux d\u2019\u00e9rection de deux nouvelles \u00e9coles du primaire dans l\u2019agglom\u00e9ration de Sanda, \u00e0 une quarantaine de kilom\u00e8tres de Matadi, capitale de la province du Kongo Central.<\/p>\n\n\n\n<p>Question d\u2019accompagner le Chef de l\u2019\u00c9tat dans son projet li\u00e9 \u00e0 la gratuit\u00e9 de l\u2019enseignement de base dont les r\u00e9sultats enregistr\u00e9s ne sont plus \u00e0 d\u00e9montrer.<\/p>\n","protected":false},"excerpt":{"rendered":"<p>Dieudonn\u00e9 Muaka Dimbi Le Pr\u00e9sident de la R\u00e9publique, F\u00e9lix Antoine Tshisekedi Tshilombo fait du d\u00e9veloppement des 145 territoires du pays l\u2019une de ses priorit\u00e9s de son mandat. C\u2019est dans ce cadre que le Gouverneur du Kongo Central, Dr Guy Bandu Ndungidi, vient de lancer ledit programme dans les territoires composant cette province. \u00c0 Seke-Banza, Songololo, [&hellip;]<\/p>\n","protected":false},"author":1,"featured_media":59198,"comment_status":"closed","ping_status":"closed","sticky":false,"template":"","format":"standard","meta":{"footnotes":""},"categories":[134,25,10],"tags":[],"class_list":["post-59195","post","type-post","status-publish","format-standard","has-post-thumbnail","hentry","category-la-tempete-des-tropiques","category-province","category-societe"],"_links":{"self":[{"href":"http:\/\/www.latempete.info\/index.php?rest_route=\/wp\/v2\/posts\/59195"}],"collection":[{"href":"http:\/\/www.latempete.info\/index.php?rest_route=\/wp\/v2\/posts"}],"about":[{"href":"http:\/\/www.latempete.info\/index.php?rest_route=\/wp\/v2\/types\/post"}],"author":[{"embeddable":true,"href":"http:\/\/www.latempete.info\/index.php?rest_route=\/wp\/v2\/users\/1"}],"replies":[{"embeddable":true,"href":"http:\/\/www.latempete.info\/index.php?rest_route=%2Fwp%2Fv2%2Fcomments&post=59195"}],"version-history":[{"count":2,"href":"http:\/\/www.latempete.info\/index.php?rest_route=\/wp\/v2\/posts\/59195\/revisions"}],"predecessor-version":[{"id":59199,"href":"http:\/\/www.latempete.info\/index.php?rest_route=\/wp\/v2\/posts\/59195\/revisions\/59199"}],"wp:featuredmedia":[{"embeddable":true,"href":"http:\/\/www.latempete.info\/index.php?rest_route=\/wp\/v2\/media\/59198"}],"wp:attachment":[{"href":"http:\/\/www.latempete.info\/index.php?rest_route=%2Fwp%2Fv2%2Fmedia&parent=59195"}],"wp:term":[{"taxonomy":"category","embeddable":true,"href":"http:\/\/www.latempete.info\/index.php?rest_route=%2Fwp%2Fv2%2Fcategories&post=59195"},{"taxonomy":"post_tag","embeddable":true,"href":"http:\/\/www.latempete.info\/index.php?rest_route=%2Fwp%2Fv2%2Ftags&post=59195"}],"curies":[{"name":"wp","href":"https:\/\/api.w.org\/{rel}","templated":true}]}}