{"id":59866,"date":"2023-05-04T09:21:54","date_gmt":"2023-05-04T09:21:54","guid":{"rendered":"http:\/\/www.latempete.info\/?p=59866"},"modified":"2023-05-04T09:21:55","modified_gmt":"2023-05-04T09:21:55","slug":"liberte-de-la-presse-la-rdc-determinee-a-samender","status":"publish","type":"post","link":"http:\/\/www.latempete.info\/?p=59866","title":{"rendered":"Libert\u00e9 de la presse : la RDC d\u00e9termin\u00e9e \u00e0 s&rsquo;amender"},"content":{"rendered":"\n<p><br>Class\u00e9e 124\u00e8me pays sur la liste de Reporters Sans Fronti\u00e8res, le Congo D\u00e9mocratique a initi\u00e9 un projet de loi qui, selon le Chef de l&rsquo;Etat, F\u00e9lix-Antoine Tshisekedi Tshilombo, vient \u00a0\u00bb poser les fondamentaux du retour \u00e0 la norme de la pratique professionnelle \u00ab\u00a0<\/p>\n\n\n\n<p>Par Marcel Tshishiku<\/p>\n\n\n\n<p>L&rsquo;opinion nationale a appris avec stup\u00e9faction que \u00a0\u00bb Reporters Sans Fronti\u00e8res \u00a0\u00bb (RSF) a publi\u00e9, ce mercredi, la 21\u00e8me \u00e9dition du classement mondial des pays qui respectent la libert\u00e9 de la presse.<\/p>\n\n\n\n<p>A en croire cette ONG internationale, la R\u00e9publique d\u00e9mocratique du Congo est plac\u00e9e \u00e0 la 124\u00e8me position sur 180 Etats r\u00e9pertori\u00e9s et gagne une place par rapport \u00e0 l&rsquo;ann\u00e9e derni\u00e8re.<br>RSF attribue cette macabre situation \u00e0 l&rsquo;ins\u00e9curit\u00e9 entretenue dans l&rsquo;Est du pays par les groupes arm\u00e9s, dont le M23 soutenu par le Pr\u00e9sident du Rwanda, Paul Kagame.<\/p>\n\n\n\n<p>\u00a0\u00bb Le pluralisme des m\u00e9dias est r\u00e9el dans le pays, mais au Nord-Kivu, le secteur est fortement affect\u00e9 par le conflit entre les Forces arm\u00e9es de la R\u00e9publique d\u00e9mocratique du Congo (FARDC) et les rebelles (envahisseurs) du M23. C&rsquo;est dans ce contexte qu&rsquo;une nouvelle loi sur la presse a \u00e9t\u00e9 vot\u00e9e par l&rsquo;Assembl\u00e9e nationale, \u00e0 quelques mois des \u00e9lections g\u00e9n\u00e9rales \u00ab\u00a0, rapporte RSF.<\/p>\n\n\n\n<p>Concernant la situation des professionnels de l&rsquo;information, RSF note que \u00a0\u00bb les journalistes sont aussi pris en \u00e9tau entre les injonctions des rebelles du M23 et celles des forces loyalistes \u00ab\u00a0. La 21\u00e8me \u00e9dition de RSF intervient le 3 mai, date consacr\u00e9e \u00e0 la c\u00e9l\u00e9bration de la journ\u00e9e mondiale de la libert\u00e9 de la presse. A cette occasion, la RDC a organis\u00e9 une c\u00e9r\u00e9monie comm\u00e9morative dans la ville de Kinshasa, ax\u00e9e sur le th\u00e8me: \u00a0\u00bb La libert\u00e9 d&rsquo;expression \u00e0 l&rsquo;\u00e9preuve de la situation s\u00e9curitaire en R\u00e9publique D\u00e9mocratique du Congo. Nouvelle loi sur la presse pour une nouvelle dynamique \u00ab\u00a0.<\/p>\n\n\n\n<p>L&rsquo;objectif poursuivi est d&rsquo;\u00e9valuer les efforts fournis par le gouvernement et les avanc\u00e9es enregistr\u00e9es dans la promotion de la libert\u00e9 d&rsquo;expression, et principalement la libert\u00e9 de la presse ainsi que la s\u00e9curit\u00e9 des professionnels des m\u00e9dias dans un contexte s\u00e9curitaire d\u00e9l\u00e9t\u00e8re, \u00e0 l&rsquo;approche des \u00e9lections pluralistes pr\u00e9vues \u00e0 la fin de l&rsquo;ann\u00e9e 2023.<\/p>\n\n\n\n<p>Dans son discours de circonstance, le Pr\u00e9sident de la R\u00e9publique, F\u00e9lix-Antoine Tshisekedi Tshilombo, s&rsquo;est f\u00e9licit\u00e9 des avanc\u00e9es enregistr\u00e9es dans le secteur depuis la tenue des \u00e9tats g\u00e9n\u00e9raux de la communication et m\u00e9dias en janvier 2022. Pour lui, la nouvelle loi sur la libert\u00e9 de la presse vient poser le retour aux fondamentaux dans la pratique professionnelle et permet de s&rsquo;adapter aux nouvelles technologies de l&rsquo;information et de la communication.<\/p>\n\n\n\n<p>Cette d\u00e9claration prouve \u00e0 suffisance la prise de conscience et la d\u00e9termination du Chef de l&rsquo;\u00c9tat, en particulier, et de toutes les forces vives de la nation congolaise \u00e0 \u0153uvrer pour l&rsquo;am\u00e9lioration des conditions de travail, non seulement dans le secteur des m\u00e9dias, mais aussi dans celui de la gouvernance politique en vue d&rsquo;assurer la transparence dans la gestion de la chose publique et, par ricochet, de parvenir \u00e0 l&rsquo;instauration d&rsquo;un Etat r\u00e9ellement d\u00e9mocratique, en d\u00e9pit des embuches mont\u00e9es notamment par les ennemis de la nation congolaise.<\/p>\n","protected":false},"excerpt":{"rendered":"<p>Class\u00e9e 124\u00e8me pays sur la liste de Reporters Sans Fronti\u00e8res, le Congo D\u00e9mocratique a initi\u00e9 un projet de loi qui, selon le Chef de l&rsquo;Etat, F\u00e9lix-Antoine Tshisekedi Tshilombo, vient \u00a0\u00bb poser les fondamentaux du retour \u00e0 la norme de la pratique professionnelle \u00ab\u00a0 Par Marcel Tshishiku L&rsquo;opinion nationale a appris avec stup\u00e9faction que \u00a0\u00bb Reporters [&hellip;]<\/p>\n","protected":false},"author":1,"featured_media":0,"comment_status":"closed","ping_status":"closed","sticky":false,"template":"","format":"standard","meta":{"footnotes":""},"categories":[134,10],"tags":[],"class_list":["post-59866","post","type-post","status-publish","format-standard","hentry","category-la-tempete-des-tropiques","category-societe"],"_links":{"self":[{"href":"http:\/\/www.latempete.info\/index.php?rest_route=\/wp\/v2\/posts\/59866"}],"collection":[{"href":"http:\/\/www.latempete.info\/index.php?rest_route=\/wp\/v2\/posts"}],"about":[{"href":"http:\/\/www.latempete.info\/index.php?rest_route=\/wp\/v2\/types\/post"}],"author":[{"embeddable":true,"href":"http:\/\/www.latempete.info\/index.php?rest_route=\/wp\/v2\/users\/1"}],"replies":[{"embeddable":true,"href":"http:\/\/www.latempete.info\/index.php?rest_route=%2Fwp%2Fv2%2Fcomments&post=59866"}],"version-history":[{"count":1,"href":"http:\/\/www.latempete.info\/index.php?rest_route=\/wp\/v2\/posts\/59866\/revisions"}],"predecessor-version":[{"id":59867,"href":"http:\/\/www.latempete.info\/index.php?rest_route=\/wp\/v2\/posts\/59866\/revisions\/59867"}],"wp:attachment":[{"href":"http:\/\/www.latempete.info\/index.php?rest_route=%2Fwp%2Fv2%2Fmedia&parent=59866"}],"wp:term":[{"taxonomy":"category","embeddable":true,"href":"http:\/\/www.latempete.info\/index.php?rest_route=%2Fwp%2Fv2%2Fcategories&post=59866"},{"taxonomy":"post_tag","embeddable":true,"href":"http:\/\/www.latempete.info\/index.php?rest_route=%2Fwp%2Fv2%2Ftags&post=59866"}],"curies":[{"name":"wp","href":"https:\/\/api.w.org\/{rel}","templated":true}]}}