{"id":60513,"date":"2023-06-06T12:09:31","date_gmt":"2023-06-06T12:09:31","guid":{"rendered":"http:\/\/www.latempete.info\/?p=60513"},"modified":"2023-06-06T12:09:34","modified_gmt":"2023-06-06T12:09:34","slug":"suite-a-une-greve-des-transporteurs-prives-les-activites-paralysees-hier-a-kinshasa","status":"publish","type":"post","link":"http:\/\/www.latempete.info\/?p=60513","title":{"rendered":"Suite \u00e0 une gr\u00e8ve des transporteurs priv\u00e9s\u00a0: les activit\u00e9s paralys\u00e9es hier \u00e0 Kinshasa !"},"content":{"rendered":"\n<p><br>Par Marcel Tshishiku<\/p>\n\n\n\n<p>Les transporteurs et conducteurs des bus, taxis-bus et taxis priv\u00e9s op\u00e9rant dans la ville de Kinshasa ont observ\u00e9, hier lundi 5 juin, un mouvement de gr\u00e8ve g\u00e9n\u00e9ralis\u00e9e qui a paralys\u00e9 les activit\u00e9s dans la capitale. Ces transporteurs ont r\u00e9pondu ainsi \u00e0 un appel \u00e0 la cessation de leurs activit\u00e9s pendant 3 jours lanc\u00e9 par la Synergie des associations des chauffeurs pour d\u00e9noncer les \u00ab\u00a0tracasseries multiples et autres arrestations arbitraires\u00a0\u00bb dont ils sont victimes de la part des \u00e9l\u00e9ments de la Police de circulation routi\u00e8re (PCR), des chargeurs ainsi que d\u2019autres agents des services \u00e9tatiques.<\/p>\n\n\n\n<p>La gr\u00e8ve observ\u00e9e hier par les transporteurs priv\u00e9s de la ville province de Kinshasa a emp\u00each\u00e9 une grande partie de la population de la capitale rd congolaise de se d\u00e9placer, pour se rendre \u00e0 leurs lieux de travail respectifs.<\/p>\n\n\n\n<p>Ainsi, de nombreux Kinois ont attendu d\u00e9sesp\u00e9r\u00e9ment un moyen de transport aux arr\u00eats de bus pendant des heures, avant de se d\u00e9cider de rentrer \u00e0 leurs domiciles. Les plus courageux ont simplement r\u00e9solu de faire la marche \u00e0 pieds pour atteindre leurs lieux de travail.<\/p>\n\n\n\n<p>Menace pour une paralysie totale de la ville<\/p>\n\n\n\n<p>Les gr\u00e9vistes ont m\u00eame menac\u00e9 d\u2019agresser certains de leurs coll\u00e8gues conducteurs qui se sont permis de transporter les passagers au cours de la journ\u00e9e d\u2019hier lundi. Au Pont Matete, certains taxi-bus ont \u00e9t\u00e9 caillass\u00e9s. Ce spectacle a \u00e9t\u00e9 aussi observ\u00e9 \u00e0 diff\u00e9rents carrefours dans les communes de Ngaba, Bandalungwa, Selembao et Kintambo.<\/p>\n\n\n\n<p>Dans certains quartiers de la capitale, ces menaces ont \u00e9t\u00e9 aussi prof\u00e9r\u00e9es \u00e0 l\u2019endroit des conducteurs des taxis-motos dont la majorit\u00e9 a heureusement continu\u00e9 d\u2019aider la population. Elles visaient de gagner le pari d\u2019une paralysie totale de la ville. Cet objectif n\u2019a pas \u00e9t\u00e9 atteint parce qu\u2019en dehors des taxis-motos, les bus de la soci\u00e9t\u00e9 des Transports du Congo (TRANSCO) appartenant \u00e0 l\u2019Etat congolais ont fonctionn\u00e9 normalement. Aux alentours de 12 heures locales, quelques transporteurs priv\u00e9s ont cependant repris leurs activit\u00e9s mais, le tarif du transport a \u00e9t\u00e9 tripl\u00e9, voire quadrupl\u00e9.<\/p>\n\n\n\n<p>L\u2019ACCO exclue des n\u00e9gociations\u00a0!<\/p>\n\n\n\n<p>L\u2019Association des chauffeurs du Congo (ACCO) regrette, pour sa part, d\u2019avoir \u00e9t\u00e9 \u00e9cart\u00e9e de la commission mise en place par les autorit\u00e9s de la ville et la Synergie des associations des chauffeurs pour juguler la crise entre les transporteurs, le service des transports et la police.<\/p>\n\n\n\n<p>\u00ab\u00a0C\u2019est ce qui explique le fait que la d\u00e9cision prise par cette commission de surseoir \u00e0 cette gr\u00e8ve n\u2019a pas \u00e9t\u00e9 suivie\u00a0\u00bb, a fait savoir le vice-pr\u00e9sident de l\u2019ACCO\/Kinshasa, Jean Mutombo.<\/p>\n\n\n\n<p>Jean Mutombo souhaite que l\u2019ACCO prenne part aux discussions avec les autorit\u00e9s au sujet notamment des tracasseries \u00e9voqu\u00e9es par la Synergie des associations des chauffeurs.<\/p>\n\n\n\n<p>\u00ab\u00a0Concernant les tracasseries, nous avons lu le communiqu\u00e9 de la Synergie des associations des chauffeurs qui n\u2019a pas associ\u00e9 l\u2019ACCO \u00e0 ces discussions. Pourtant, l\u2019ACCO est l\u2019une des plus grandes associations de la RDC. Nous souhaitons que nous soyons aussi inclus dans les discussions pour que nous puissions parler le m\u00eame langage et d\u00e9canter la crise\u00a0\u00bb, a-t-il conclu.<\/p>\n","protected":false},"excerpt":{"rendered":"<p>Par Marcel Tshishiku Les transporteurs et conducteurs des bus, taxis-bus et taxis priv\u00e9s op\u00e9rant dans la ville de Kinshasa ont observ\u00e9, hier lundi 5 juin, un mouvement de gr\u00e8ve g\u00e9n\u00e9ralis\u00e9e qui a paralys\u00e9 les activit\u00e9s dans la capitale. Ces transporteurs ont r\u00e9pondu ainsi \u00e0 un appel \u00e0 la cessation de leurs activit\u00e9s pendant 3 jours [&hellip;]<\/p>\n","protected":false},"author":1,"featured_media":21018,"comment_status":"closed","ping_status":"closed","sticky":false,"template":"","format":"standard","meta":{"footnotes":""},"categories":[136,134,25,10],"tags":[],"class_list":["post-60513","post","type-post","status-publish","format-standard","has-post-thumbnail","hentry","category-a-la-une","category-la-tempete-des-tropiques","category-province","category-societe"],"_links":{"self":[{"href":"http:\/\/www.latempete.info\/index.php?rest_route=\/wp\/v2\/posts\/60513"}],"collection":[{"href":"http:\/\/www.latempete.info\/index.php?rest_route=\/wp\/v2\/posts"}],"about":[{"href":"http:\/\/www.latempete.info\/index.php?rest_route=\/wp\/v2\/types\/post"}],"author":[{"embeddable":true,"href":"http:\/\/www.latempete.info\/index.php?rest_route=\/wp\/v2\/users\/1"}],"replies":[{"embeddable":true,"href":"http:\/\/www.latempete.info\/index.php?rest_route=%2Fwp%2Fv2%2Fcomments&post=60513"}],"version-history":[{"count":1,"href":"http:\/\/www.latempete.info\/index.php?rest_route=\/wp\/v2\/posts\/60513\/revisions"}],"predecessor-version":[{"id":60514,"href":"http:\/\/www.latempete.info\/index.php?rest_route=\/wp\/v2\/posts\/60513\/revisions\/60514"}],"wp:featuredmedia":[{"embeddable":true,"href":"http:\/\/www.latempete.info\/index.php?rest_route=\/wp\/v2\/media\/21018"}],"wp:attachment":[{"href":"http:\/\/www.latempete.info\/index.php?rest_route=%2Fwp%2Fv2%2Fmedia&parent=60513"}],"wp:term":[{"taxonomy":"category","embeddable":true,"href":"http:\/\/www.latempete.info\/index.php?rest_route=%2Fwp%2Fv2%2Fcategories&post=60513"},{"taxonomy":"post_tag","embeddable":true,"href":"http:\/\/www.latempete.info\/index.php?rest_route=%2Fwp%2Fv2%2Ftags&post=60513"}],"curies":[{"name":"wp","href":"https:\/\/api.w.org\/{rel}","templated":true}]}}