{"id":62802,"date":"2023-09-19T17:05:08","date_gmt":"2023-09-19T17:05:08","guid":{"rendered":"http:\/\/www.latempete.info\/?p=62802"},"modified":"2023-09-19T17:05:09","modified_gmt":"2023-09-19T17:05:09","slug":"nord-kivu-le-general-major-peter-cirimwami-nomme-gouverneur-interimaire","status":"publish","type":"post","link":"http:\/\/www.latempete.info\/?p=62802","title":{"rendered":"Nord-Kivu : le G\u00e9n\u00e9ral-Major Peter Cirimwami nomm\u00e9 Gouverneur int\u00e9rimaire"},"content":{"rendered":"\n<p><br>Par LM<\/p>\n\n\n\n<p>Le commandant des op\u00e9rations militaires Sukola 2 en province du Nord-Kivu, nouvellement nomm\u00e9, vient d\u2019\u00eatre d\u00e9sign\u00e9 gouverneur int\u00e9rimaire de cette province.<\/p>\n\n\n\n<p>Le g\u00e9n\u00e9ral-major Peter Cirimwani a assume l\u2019int\u00e9rim, depuis lundi 18 septembre 2023, en l\u2019absence du gouverneur militaire Constant Ndima, rappel\u00e9 \u00e0 Kinshasa apr\u00e8s les violences dans des manifestations \u00e0 Goma le 30 ao\u00fbt dernier contre la Monusco et l\u2019EAC.<\/p>\n\n\n\n<p>Le vice-premier ministre, ministre de l\u2019Int\u00e9rieur, S\u00e9curit\u00e9 et Affaires coutumi\u00e8res, Peter Kazadi, qui a donn\u00e9 l\u2019information contenue dans un arr\u00eat\u00e9 du ministre de la D\u00e9fense, Jean-Pierre Bemba, explique que la nomination a pour objectif de combler le vide laiss\u00e9 par le gouverneur.<\/p>\n\n\n\n<p>Le vice-premier ministre de la D\u00e9fense a pris un arr\u00eat\u00e9 portant nomination d\u2019un gouverneur int\u00e9rimaire. Nous sommes dans un \u00e9tat de si\u00e8ge qui a ses exigences. Le gouverneur militaire \u00e9tant appel\u00e9 \u00e0 Kinshasa pour une concertation, il n\u2019\u00e9tait pas bon qu\u2019il reste un vide d\u2019autant plus que le gouverneur a le r\u00f4le de commandant des op\u00e9rations militaires\u00bb, a expliqu\u00e9 \u00e0 la presse, Peter Kazadi, le vice-premier ministre, ministre de l\u2019Int\u00e9rieur. <\/p>\n\n\n\n<p>Le VPM de l\u2019int\u00e9rieur est arriv\u00e9 \u00e0 Goma, chef-lieu du Nord-Kivu, hier lundi 18 septembre, pour participer aux fun\u00e9railles des victimes des violences du 30 Ao\u00fbt dans la manifestation contre la Monusco et les forces de l\u2019EAC.<\/p>\n","protected":false},"excerpt":{"rendered":"<p>Par LM Le commandant des op\u00e9rations militaires Sukola 2 en province du Nord-Kivu, nouvellement nomm\u00e9, vient d\u2019\u00eatre d\u00e9sign\u00e9 gouverneur int\u00e9rimaire de cette province. Le g\u00e9n\u00e9ral-major Peter Cirimwani a assume l\u2019int\u00e9rim, depuis lundi 18 septembre 2023, en l\u2019absence du gouverneur militaire Constant Ndima, rappel\u00e9 \u00e0 Kinshasa apr\u00e8s les violences dans des manifestations \u00e0 Goma le 30 [&hellip;]<\/p>\n","protected":false},"author":1,"featured_media":62803,"comment_status":"closed","ping_status":"closed","sticky":false,"template":"","format":"standard","meta":{"footnotes":""},"categories":[134,25,10],"tags":[],"class_list":["post-62802","post","type-post","status-publish","format-standard","has-post-thumbnail","hentry","category-la-tempete-des-tropiques","category-province","category-societe"],"_links":{"self":[{"href":"http:\/\/www.latempete.info\/index.php?rest_route=\/wp\/v2\/posts\/62802"}],"collection":[{"href":"http:\/\/www.latempete.info\/index.php?rest_route=\/wp\/v2\/posts"}],"about":[{"href":"http:\/\/www.latempete.info\/index.php?rest_route=\/wp\/v2\/types\/post"}],"author":[{"embeddable":true,"href":"http:\/\/www.latempete.info\/index.php?rest_route=\/wp\/v2\/users\/1"}],"replies":[{"embeddable":true,"href":"http:\/\/www.latempete.info\/index.php?rest_route=%2Fwp%2Fv2%2Fcomments&post=62802"}],"version-history":[{"count":1,"href":"http:\/\/www.latempete.info\/index.php?rest_route=\/wp\/v2\/posts\/62802\/revisions"}],"predecessor-version":[{"id":62804,"href":"http:\/\/www.latempete.info\/index.php?rest_route=\/wp\/v2\/posts\/62802\/revisions\/62804"}],"wp:featuredmedia":[{"embeddable":true,"href":"http:\/\/www.latempete.info\/index.php?rest_route=\/wp\/v2\/media\/62803"}],"wp:attachment":[{"href":"http:\/\/www.latempete.info\/index.php?rest_route=%2Fwp%2Fv2%2Fmedia&parent=62802"}],"wp:term":[{"taxonomy":"category","embeddable":true,"href":"http:\/\/www.latempete.info\/index.php?rest_route=%2Fwp%2Fv2%2Fcategories&post=62802"},{"taxonomy":"post_tag","embeddable":true,"href":"http:\/\/www.latempete.info\/index.php?rest_route=%2Fwp%2Fv2%2Ftags&post=62802"}],"curies":[{"name":"wp","href":"https:\/\/api.w.org\/{rel}","templated":true}]}}