{"id":63744,"date":"2023-11-06T18:01:46","date_gmt":"2023-11-06T18:01:46","guid":{"rendered":"http:\/\/www.latempete.info\/?p=63744"},"modified":"2023-11-06T18:01:47","modified_gmt":"2023-11-06T18:01:47","slug":"assemblee-nationale-insatisfaits-de-leur-situation-salariale-les-deputes-votent-la-loi-portant-securite-sociale-des-parlementaires","status":"publish","type":"post","link":"http:\/\/www.latempete.info\/?p=63744","title":{"rendered":"Assembl\u00e9e nationale\/Insatisfaits de leur situation salariale : les d\u00e9put\u00e9s votent la loi portant s\u00e9curit\u00e9 sociale des parlementaires"},"content":{"rendered":"\n<p><br>Par LM<\/p>\n\n\n\n<p>Les d\u00e9put\u00e9s nationaux ont, au cours d\u2019une s\u00e9ance pl\u00e9ni\u00e8re organis\u00e9e vendredi 3 novembre 2023, examin\u00e9 et vot\u00e9 la proposition de loi sur le r\u00e9gime sp\u00e9cial de s\u00e9curit\u00e9 sociale des parlementaires. Cette proposition relative au r\u00e9gime sp\u00e9cial de s\u00e9curit\u00e9 sociale des parlementaires consiste \u00e0 r\u00e9duire les conditions de vie pr\u00e9caire des parlementaires.<\/p>\n\n\n\n<p>A l\u2019issue du d\u00e9bat en pl\u00e9ni\u00e8re, 7 points ont attir\u00e9 l\u2019attention de la commission, notamment l\u2019am\u00e9lioration \u00e0 la hauteur de la pension, l\u2019\u00e2ge de l\u2019admission \u00e0 la retraite fix\u00e9 \u00e0 55 ans, le droit de r\u00e9jouissances aux anciens parlementaires ou qui exer\u00e7aient d\u2019autres services. La commission leur a accord\u00e9 ce droit en estimant qu\u2019on ne peut pas le d\u00e9nuer aux parlementaires honoraires parce qu\u2019ils travailleraient quelque part, apr\u00e8s leur mandat.<br>S\u2019agissant des soins de sant\u00e9, la commission a rejet\u00e9 cet amendement.<\/p>\n\n\n\n<p>Pour ce qui est de la question relative \u00e0 la contribution, il appartient aux bureaux de deux chambres de s\u2019en occuper, d\u2019autant plus que cette contribution est retenue \u00e0 la source. Enfin, en ce qui concerne la gestion du service, celui-ci doit \u00eatre \u00e9lev\u00e9 en une direction de gestion des parlementaires de deux chambres (S\u00e9nat et Assembl\u00e9e nationale).<\/p>\n\n\n\n<p>Le fonctionnement du r\u00e9gime sp\u00e9cial de s\u00e9curit\u00e9 sociale des parlementaires institu\u00e9 par cette loi est soumis \u00e0 une \u00e9valuation chaque ann\u00e9e par une commission quadripartite en vue de s\u2019assurer de la stabilit\u00e9 et de l\u2019\u00e9quilibre financier en ce qui concerne particuli\u00e8rement la branche de la pension. La commission sera compos\u00e9e des repr\u00e9sentants des bureaux de l\u2019Assembl\u00e9e nationale et du S\u00e9nat ; repr\u00e9sentants des parlementaires issus de la commission sociale et culturelle de deux chambres; repr\u00e9sentants du gouvernement, en l\u2019occurrence les ministres ayant le Budget et les Finances dans leurs attributions; repr\u00e9sentants des d\u00e9put\u00e9s honoraires.<\/p>\n\n\n\n<p>En d\u00e9pit des am\u00e9liorations apport\u00e9es, les deux derni\u00e8res lois n\u2019ont pas permis de r\u00e9soudre de nombreux probl\u00e8mes li\u00e9s \u00e0 une vie pr\u00e9caire \u00e0 laquelle les parlementaires congolais sont confront\u00e9s \u00e0 la fin de leur mandat, surtout lorsque celui-ci n\u2019est pas renouvel\u00e9. Parmi les probl\u00e8mes qui se posent, principalement avec l\u2019application des dispositions de la derni\u00e8re loi modificative du 13 d\u00e9cembre 2018, on note, entre autres, la controverse sur la formule de calcul de la pension de retraite, les difficult\u00e9s li\u00e9es \u00e0 l\u2019augmentation du nombre de b\u00e9n\u00e9ficiaires de la pension de retraite qu\u2019engendre l\u2019application des dispositions relatives, notamment \u00e0 la r\u00e9duction de l\u2019\u00e2ge requis pour la jouissance de la pension de retraite qui est pass\u00e9 de 55 \u00e0 50 ans, sans aucune r\u00e9f\u00e9rence \u00e0 la l\u00e9gislation nationale et internationale.<\/p>\n\n\n\n<p>Dans le d\u00e9bat, le d\u00e9put\u00e9 national Lucain Kasongo a \u00e9voqu\u00e9 la question de l\u2019\u00e2ge de la retraite. Pour lui, l\u2019\u00e2ge doit \u00eatre r\u00e9duit \u00e0 50 ans et ce dernier a \u00e9t\u00e9 applaudi. Un autre d\u00e9put\u00e9 a pr\u00e9cis\u00e9 que la pl\u00e9ni\u00e8re est en train de l\u00e9gif\u00e9rer sur la mati\u00e8re relative \u00e0 l\u2019\u00e9ligibilit\u00e9 \u00e0 la retraite qui est li\u00e9e \u00e0 l\u2019\u00e2ge chronologique. La question concerne tous les \u00e9lus, m\u00eame celui qui est d\u00e9c\u00e9d\u00e9 et a laiss\u00e9 une veuve, celle-ci doit b\u00e9n\u00e9ficier de la rente de survie.<br>Au finish, sur 297 d\u00e9put\u00e9s ayant pris part \u00e0 la pl\u00e9ni\u00e8re, cette proposition de loi a \u00e9t\u00e9 vot\u00e9e par 296 \u00e9lus du peuple ayant pris part au vote, un seul s\u2019est abstenu.<\/p>\n","protected":false},"excerpt":{"rendered":"<p>Par LM Les d\u00e9put\u00e9s nationaux ont, au cours d\u2019une s\u00e9ance pl\u00e9ni\u00e8re organis\u00e9e vendredi 3 novembre 2023, examin\u00e9 et vot\u00e9 la proposition de loi sur le r\u00e9gime sp\u00e9cial de s\u00e9curit\u00e9 sociale des parlementaires. Cette proposition relative au r\u00e9gime sp\u00e9cial de s\u00e9curit\u00e9 sociale des parlementaires consiste \u00e0 r\u00e9duire les conditions de vie pr\u00e9caire des parlementaires. A l\u2019issue [&hellip;]<\/p>\n","protected":false},"author":1,"featured_media":0,"comment_status":"closed","ping_status":"closed","sticky":false,"template":"","format":"standard","meta":{"footnotes":""},"categories":[134,130,5],"tags":[],"class_list":["post-63744","post","type-post","status-publish","format-standard","hentry","category-la-tempete-des-tropiques","category-nation","category-politique"],"_links":{"self":[{"href":"http:\/\/www.latempete.info\/index.php?rest_route=\/wp\/v2\/posts\/63744"}],"collection":[{"href":"http:\/\/www.latempete.info\/index.php?rest_route=\/wp\/v2\/posts"}],"about":[{"href":"http:\/\/www.latempete.info\/index.php?rest_route=\/wp\/v2\/types\/post"}],"author":[{"embeddable":true,"href":"http:\/\/www.latempete.info\/index.php?rest_route=\/wp\/v2\/users\/1"}],"replies":[{"embeddable":true,"href":"http:\/\/www.latempete.info\/index.php?rest_route=%2Fwp%2Fv2%2Fcomments&post=63744"}],"version-history":[{"count":1,"href":"http:\/\/www.latempete.info\/index.php?rest_route=\/wp\/v2\/posts\/63744\/revisions"}],"predecessor-version":[{"id":63745,"href":"http:\/\/www.latempete.info\/index.php?rest_route=\/wp\/v2\/posts\/63744\/revisions\/63745"}],"wp:attachment":[{"href":"http:\/\/www.latempete.info\/index.php?rest_route=%2Fwp%2Fv2%2Fmedia&parent=63744"}],"wp:term":[{"taxonomy":"category","embeddable":true,"href":"http:\/\/www.latempete.info\/index.php?rest_route=%2Fwp%2Fv2%2Fcategories&post=63744"},{"taxonomy":"post_tag","embeddable":true,"href":"http:\/\/www.latempete.info\/index.php?rest_route=%2Fwp%2Fv2%2Ftags&post=63744"}],"curies":[{"name":"wp","href":"https:\/\/api.w.org\/{rel}","templated":true}]}}