{"id":64051,"date":"2023-11-21T18:00:27","date_gmt":"2023-11-21T18:00:27","guid":{"rendered":"http:\/\/www.latempete.info\/?p=64051"},"modified":"2023-11-21T18:00:28","modified_gmt":"2023-11-21T18:00:28","slug":"bukavu-campagne-contre-le-discours-de-la-haine-en-periode-electorale","status":"publish","type":"post","link":"http:\/\/www.latempete.info\/?p=64051","title":{"rendered":"Bukavu : campagne contre le discours de la haine en p\u00e9riode \u00e9lectorale"},"content":{"rendered":"\n<p>L&rsquo;organisation \u00a0\u00bb Innovation des droits humains et environnement (IDHE)a organis\u00e9, avec l&rsquo;appui de l&rsquo;ONG internationale \u00a0\u00bb 11.11.11 \u00a0\u00bb de la Belgique, une s\u00e9ance de sensibilisation contre les discours de la haine pendant la campagne \u00e9lectorale en R\u00e9publique D\u00e9mocratique du Congo. Le d\u00e9bat portait aussi sur le r\u00f4le des acteurs de la soci\u00e9t\u00e9 civile et politique sur la coh\u00e9sion sociale durant la p\u00e9riode \u00e9lectorale.<\/p>\n\n\n\n<p>La s\u00e9ance de sensibilisation s&rsquo;est tenue le jeudi 16 novembre 2023 \u00e0 l&rsquo;esplanade de la commune de Bagira, autour de l&rsquo;attitude \u00e0 prendre contre le discours de la haine et sur comment promouvoir la tol\u00e9rance mutuelle pendant la p\u00e9riode \u00e9lectorale.<\/p>\n\n\n\n<p>Selon les organisateurs, il est imp\u00e9rieux que les Congolais bannissent le tribalisme et la division durant ce moment crucial du processus \u00e9lectoral.<br>Pour IDHE, toute sorte de discours de la haine visant \u00e0 diviser le peuple est \u00e0 bannir, afin de ne pas cr\u00e9er des tensions malsaines pendant la p\u00e9riode \u00e9lectorale.<\/p>\n\n\n\n<p>Christian Bahizire, charg\u00e9 de Programme \u00e0 IDHE, a fait savoir qu&rsquo;il est temps que les citoyens congolais avancent main dans la main pour que les \u00e9lections se d\u00e9roulent dans un climat de paix. \u00a0\u00bb Notre objectif \u00e9tait de permettre aux acteurs de la Soci\u00e9t\u00e9 civile et politique, de comprendre qu&rsquo;ils y a un grand danger lorsqu&rsquo;il y a diffusion de discours de la haine.<\/p>\n\n\n\n<p>Notre souci est que ces acteurs s&rsquo;engagent \u00e0 la promotion de la paix et la tol\u00e9rance mutuelle entre les candidats. Nous voulons qu&rsquo;il y ait une bonne campagne par rapport aux pr\u00e9c\u00e9dentes. Une campagne dans laquelle, il n&rsquo;y aura pas de discours de haine, o\u00f9 tout le monde va voter librement \u00ab\u00a0, explique-t-il.<\/p>\n\n\n\n<p>Apr\u00e8s un partage d&rsquo;exp\u00e9riences par rapport au processus \u00e9lectoral ant\u00e9rieur, le pr\u00e9sident de la soci\u00e9t\u00e9 civile de la commune de Bagira n&rsquo;a pas manqu\u00e9 d&rsquo;exprimer sa satisfaction et de remercier IDHE pour cette initiative.<\/p>\n\n\n\n<p>\u00a0\u00bb Nous, comme soci\u00e9t\u00e9 civile de Bagira, nous remercions IDHE d&rsquo;avoir organis\u00e9 cette sensibilisation contre les discours de haine en cette p\u00e9riode \u00e9lectorale. Nous demandons \u00e0 la population Sud-Kivutienne en g\u00e9n\u00e9rale, et de Bukavu en particulier, de voir comment se recadrer. Nous devons renvoyer les candidats qui viendront demander notre appui en insultant leurs adversaires. Nous demandons aux candidats de bien peser leurs mots, avant de les placer sur leurs affiches, de ne pas recourir aux discours de haine en termes de strat\u00e9gie ou d&rsquo;arguments lors de la campagne \u00ab\u00a0, a dit Prince Centwali.<\/p>\n\n\n\n<p>La soci\u00e9t\u00e9 civile de Bagira a aussi recommand\u00e9 \u00e0 l&rsquo;IDHE de ne pas se limiter dans l&rsquo;espace du bureau de la commune. Elle sugg\u00e8re que cette organisation fasse des sensibilisations dans les diff\u00e9rents quartiers et avenues pour une campagne \u00e9lectorale apais\u00e9e.<\/p>\n","protected":false},"excerpt":{"rendered":"<p>L&rsquo;organisation \u00a0\u00bb Innovation des droits humains et environnement (IDHE)a organis\u00e9, avec l&rsquo;appui de l&rsquo;ONG internationale \u00a0\u00bb 11.11.11 \u00a0\u00bb de la Belgique, une s\u00e9ance de sensibilisation contre les discours de la haine pendant la campagne \u00e9lectorale en R\u00e9publique D\u00e9mocratique du Congo. Le d\u00e9bat portait aussi sur le r\u00f4le des acteurs de la soci\u00e9t\u00e9 civile et politique [&hellip;]<\/p>\n","protected":false},"author":1,"featured_media":0,"comment_status":"closed","ping_status":"closed","sticky":false,"template":"","format":"standard","meta":{"footnotes":""},"categories":[134,25,10],"tags":[],"class_list":["post-64051","post","type-post","status-publish","format-standard","hentry","category-la-tempete-des-tropiques","category-province","category-societe"],"_links":{"self":[{"href":"http:\/\/www.latempete.info\/index.php?rest_route=\/wp\/v2\/posts\/64051"}],"collection":[{"href":"http:\/\/www.latempete.info\/index.php?rest_route=\/wp\/v2\/posts"}],"about":[{"href":"http:\/\/www.latempete.info\/index.php?rest_route=\/wp\/v2\/types\/post"}],"author":[{"embeddable":true,"href":"http:\/\/www.latempete.info\/index.php?rest_route=\/wp\/v2\/users\/1"}],"replies":[{"embeddable":true,"href":"http:\/\/www.latempete.info\/index.php?rest_route=%2Fwp%2Fv2%2Fcomments&post=64051"}],"version-history":[{"count":1,"href":"http:\/\/www.latempete.info\/index.php?rest_route=\/wp\/v2\/posts\/64051\/revisions"}],"predecessor-version":[{"id":64052,"href":"http:\/\/www.latempete.info\/index.php?rest_route=\/wp\/v2\/posts\/64051\/revisions\/64052"}],"wp:attachment":[{"href":"http:\/\/www.latempete.info\/index.php?rest_route=%2Fwp%2Fv2%2Fmedia&parent=64051"}],"wp:term":[{"taxonomy":"category","embeddable":true,"href":"http:\/\/www.latempete.info\/index.php?rest_route=%2Fwp%2Fv2%2Fcategories&post=64051"},{"taxonomy":"post_tag","embeddable":true,"href":"http:\/\/www.latempete.info\/index.php?rest_route=%2Fwp%2Fv2%2Ftags&post=64051"}],"curies":[{"name":"wp","href":"https:\/\/api.w.org\/{rel}","templated":true}]}}