{"id":64213,"date":"2023-11-29T15:23:12","date_gmt":"2023-11-29T15:23:12","guid":{"rendered":"http:\/\/www.latempete.info\/?p=64213"},"modified":"2023-11-29T15:23:15","modified_gmt":"2023-11-29T15:23:15","slug":"ouvrant-lundi-latelier-de-formation-des-olt-fridolin-ambongo-appelle-a-des-elections-credibles-et-apaisees","status":"publish","type":"post","link":"http:\/\/www.latempete.info\/?p=64213","title":{"rendered":"Ouvrant lundi l&rsquo;atelier de formation des OLT : Fridolin Ambongo appelle \u00e0 des \u00e9lections cr\u00e9dibles et apais\u00e9es"},"content":{"rendered":"\n<p><br>Par Carroll Madiya<\/p>\n\n\n\n<p>Le Cardinal Fridolin Ambongo a lanc\u00e9 officiellement, le lundi 27 novembre 2023 au centre Lindonge, \u00e0 Limete, la formation des observateurs \u00e9lectoraux de la mission d&rsquo;observation \u00e9lectorale CENCO-ECC (MOE CENCO-ECC). Au nombre de 16 sur un total de 500 formateurs qui vont b\u00e9n\u00e9ficier de la m\u00eame formation, ces observateurs \u00e0 long terme (OLT) seront d\u00e9ploy\u00e9s dans les diff\u00e9rentes circonscriptions \u00e0 travers toute l&rsquo;\u00e9tendue du territoire national de la RDC.<\/p>\n\n\n\n<p>Ils auront la lourde t\u00e2che de former plus d&rsquo;un millier d&rsquo;observateurs \u00e0 court terme qui vont observer les \u00e9lections le 20 D\u00e9cembre prochains.<br>Organis\u00e9e pendant 4 jours, cette formation va se cl\u00f4turer demain jeudi 30 novembre 2023.<\/p>\n\n\n\n<p>Pour le Cardinal Fridolin Ambongo, l&rsquo;Eglise catholique a lanc\u00e9 l&rsquo;atelier de formation des observateurs \u00e0 long terme, parce qu&rsquo;elle croit que ces \u00e9lections auront lieu \u00e0 la date fix\u00e9e. \u00a0\u00bb Quitte \u00e0 chacun de prendre ses responsabilit\u00e9s \u00e0 chaque niveau pour que les \u00e9lections puissent se tenir le jour fix\u00e9 \u00ab\u00a0, a-t-il poursuivi.<\/p>\n\n\n\n<p>\u00a0\u00bb Si je suis venu, c&rsquo;est parce que l&rsquo;observation \u00e9lectorale qui implique l&rsquo;\u00c9glise catholique et l&rsquo;\u00c9glise protestante nous donne beaucoup d&rsquo;espoir pour l&rsquo;avenir. C&rsquo;est-\u00e0-dire que l&rsquo;observation peut cr\u00e9dibiliser le processus \u00e9lectoral \u00ab\u00a0, a expliqu\u00e9 le Cardinal.<\/p>\n\n\n\n<p>Et d&rsquo;ajouter : \u00a0\u00bb Si les \u00e9lections se passent bien, nous aurons la certitude que ceux qui ont \u00e9t\u00e9 \u00e9lus seront proclam\u00e9s. Si les \u00e9lections se passent bien, nous aurons aussi la certitude que ceux qui auront perdu reconna\u00eetront en \u00e2me et conscience qu&rsquo;ils ont effectivement perdu. Et au lieu de cr\u00e9er des difficult\u00e9s, qu&rsquo;ils se pr\u00e9parent pour les prochaines \u00e9lections. C&rsquo;est \u00e7a le jeu d\u00e9mocratique \u00ab\u00a0.<\/p>\n\n\n\n<p>Toutefois, selon le Cardinal Ambongo, l&rsquo;Eglise catholique n&rsquo;a pas encore toutes les certitudes que toutes les conditions sont r\u00e9unies pour l&rsquo;organisation de ces \u00e9lections au jour fix\u00e9.<\/p>\n\n\n\n<p>Il appelle les uns et les autres \u00e0 tout mettre en \u0153uvre pour que ces \u00e9lections se d\u00e9roulent dans les meilleures conditions. \u00a0\u00bb Nous pensons que, dans le contexte actuel, nous n&rsquo;avons pas encore toutes les certitudes que toutes les conditions sont r\u00e9unies. Nous ne savons pas si les conditions mat\u00e9rielles et celles de d\u00e9ploiement des mat\u00e9riels d&rsquo;observation seront l\u00e0 pour que les \u00e9lections puissent vraiment avoir lieu le 20 d\u00e9cembre. Voil\u00e0 pourquoi, tout en lan\u00e7ant cet atelier des observateurs \u00e0 long terme, nous demandons aussi aux uns et aux autres de jouer leurs r\u00f4les pour que toutes les conditions soient r\u00e9unies, les conditions mat\u00e9rielles, mais aussi les conditions de cr\u00e9dibilit\u00e9 , d&rsquo;objectivit\u00e9 \u00ab\u00a0.<\/p>\n","protected":false},"excerpt":{"rendered":"<p>Par Carroll Madiya Le Cardinal Fridolin Ambongo a lanc\u00e9 officiellement, le lundi 27 novembre 2023 au centre Lindonge, \u00e0 Limete, la formation des observateurs \u00e9lectoraux de la mission d&rsquo;observation \u00e9lectorale CENCO-ECC (MOE CENCO-ECC). Au nombre de 16 sur un total de 500 formateurs qui vont b\u00e9n\u00e9ficier de la m\u00eame formation, ces observateurs \u00e0 long terme [&hellip;]<\/p>\n","protected":false},"author":1,"featured_media":64214,"comment_status":"closed","ping_status":"closed","sticky":false,"template":"","format":"standard","meta":{"footnotes":""},"categories":[134,36,10],"tags":[],"class_list":["post-64213","post","type-post","status-publish","format-standard","has-post-thumbnail","hentry","category-la-tempete-des-tropiques","category-religion","category-societe"],"_links":{"self":[{"href":"http:\/\/www.latempete.info\/index.php?rest_route=\/wp\/v2\/posts\/64213"}],"collection":[{"href":"http:\/\/www.latempete.info\/index.php?rest_route=\/wp\/v2\/posts"}],"about":[{"href":"http:\/\/www.latempete.info\/index.php?rest_route=\/wp\/v2\/types\/post"}],"author":[{"embeddable":true,"href":"http:\/\/www.latempete.info\/index.php?rest_route=\/wp\/v2\/users\/1"}],"replies":[{"embeddable":true,"href":"http:\/\/www.latempete.info\/index.php?rest_route=%2Fwp%2Fv2%2Fcomments&post=64213"}],"version-history":[{"count":1,"href":"http:\/\/www.latempete.info\/index.php?rest_route=\/wp\/v2\/posts\/64213\/revisions"}],"predecessor-version":[{"id":64215,"href":"http:\/\/www.latempete.info\/index.php?rest_route=\/wp\/v2\/posts\/64213\/revisions\/64215"}],"wp:featuredmedia":[{"embeddable":true,"href":"http:\/\/www.latempete.info\/index.php?rest_route=\/wp\/v2\/media\/64214"}],"wp:attachment":[{"href":"http:\/\/www.latempete.info\/index.php?rest_route=%2Fwp%2Fv2%2Fmedia&parent=64213"}],"wp:term":[{"taxonomy":"category","embeddable":true,"href":"http:\/\/www.latempete.info\/index.php?rest_route=%2Fwp%2Fv2%2Fcategories&post=64213"},{"taxonomy":"post_tag","embeddable":true,"href":"http:\/\/www.latempete.info\/index.php?rest_route=%2Fwp%2Fv2%2Ftags&post=64213"}],"curies":[{"name":"wp","href":"https:\/\/api.w.org\/{rel}","templated":true}]}}