{"id":64216,"date":"2023-11-29T16:52:30","date_gmt":"2023-11-29T16:52:30","guid":{"rendered":"http:\/\/www.latempete.info\/?p=64216"},"modified":"2023-11-29T16:52:31","modified_gmt":"2023-11-29T16:52:31","slug":"johannesburg-presence-remarquee-de-la-rdc-a-la-conference-sur-la-masculinite-positive","status":"publish","type":"post","link":"http:\/\/www.latempete.info\/?p=64216","title":{"rendered":"Johannesburg: pr\u00e9sence remarqu\u00e9e de la RDC \u00e0 la Conf\u00e9rence sur la \u00a0\u00bb masculinit\u00e9 positive \u00ab\u00a0"},"content":{"rendered":"\n<p><br>Par GKM<\/p>\n\n\n\n<p>La R\u00e9publique D\u00e9mocratique du Congo prend part \u00e0 la troisi\u00e8me Conf\u00e9rence organis\u00e9e par l&rsquo;Union Africaine sur \u00a0\u00bb la masculinit\u00e9 positive \u00ab\u00a0. Ces assises ont \u00e9t\u00e9 organis\u00e9es du 27 au 28 novembre \u00e0 Johannesburg, en Afrique du Sud.<\/p>\n\n\n\n<p>Le pays de F\u00e9lix Tshisekedi est repr\u00e9sent\u00e9 par la ministre du Genre, famille et enfant, Mireille Masangu Bibi Muloko.<\/p>\n\n\n\n<p>Cette activit\u00e9 a \u00e9t\u00e9 organis\u00e9e conjointement par le Pr\u00e9sident de l&rsquo;Union Africaine et Pr\u00e9sident de l&rsquo;Union de Comores, Azali Assoumani, et le Pr\u00e9sident de l&rsquo;Afrique du Sud, Cyril Ramaphosa, en collaboration avec le Chef de l&rsquo;\u00c9tat du Congo D\u00e9mocratique, F\u00e9lix-Antoine Tshisekedi, leader d\u00e9sign\u00e9 de l&rsquo;Union Africaine pour la promotion de la \u00a0\u00bb masculinit\u00e9 positive \u00ab\u00a0.<\/p>\n\n\n\n<p>La Conf\u00e9rence sur la masculinit\u00e9 positive vise \u00e0 mettre fin \u00e0 la violence \u00e0 l&rsquo;\u00e9gard des femmes et des filles.<\/p>\n","protected":false},"excerpt":{"rendered":"<p>Par GKM La R\u00e9publique D\u00e9mocratique du Congo prend part \u00e0 la troisi\u00e8me Conf\u00e9rence organis\u00e9e par l&rsquo;Union Africaine sur \u00a0\u00bb la masculinit\u00e9 positive \u00ab\u00a0. Ces assises ont \u00e9t\u00e9 organis\u00e9es du 27 au 28 novembre \u00e0 Johannesburg, en Afrique du Sud. Le pays de F\u00e9lix Tshisekedi est repr\u00e9sent\u00e9 par la ministre du Genre, famille et enfant, Mireille [&hellip;]<\/p>\n","protected":false},"author":1,"featured_media":64217,"comment_status":"closed","ping_status":"closed","sticky":false,"template":"","format":"standard","meta":{"footnotes":""},"categories":[134,10],"tags":[],"class_list":["post-64216","post","type-post","status-publish","format-standard","has-post-thumbnail","hentry","category-la-tempete-des-tropiques","category-societe"],"_links":{"self":[{"href":"http:\/\/www.latempete.info\/index.php?rest_route=\/wp\/v2\/posts\/64216"}],"collection":[{"href":"http:\/\/www.latempete.info\/index.php?rest_route=\/wp\/v2\/posts"}],"about":[{"href":"http:\/\/www.latempete.info\/index.php?rest_route=\/wp\/v2\/types\/post"}],"author":[{"embeddable":true,"href":"http:\/\/www.latempete.info\/index.php?rest_route=\/wp\/v2\/users\/1"}],"replies":[{"embeddable":true,"href":"http:\/\/www.latempete.info\/index.php?rest_route=%2Fwp%2Fv2%2Fcomments&post=64216"}],"version-history":[{"count":1,"href":"http:\/\/www.latempete.info\/index.php?rest_route=\/wp\/v2\/posts\/64216\/revisions"}],"predecessor-version":[{"id":64218,"href":"http:\/\/www.latempete.info\/index.php?rest_route=\/wp\/v2\/posts\/64216\/revisions\/64218"}],"wp:featuredmedia":[{"embeddable":true,"href":"http:\/\/www.latempete.info\/index.php?rest_route=\/wp\/v2\/media\/64217"}],"wp:attachment":[{"href":"http:\/\/www.latempete.info\/index.php?rest_route=%2Fwp%2Fv2%2Fmedia&parent=64216"}],"wp:term":[{"taxonomy":"category","embeddable":true,"href":"http:\/\/www.latempete.info\/index.php?rest_route=%2Fwp%2Fv2%2Fcategories&post=64216"},{"taxonomy":"post_tag","embeddable":true,"href":"http:\/\/www.latempete.info\/index.php?rest_route=%2Fwp%2Fv2%2Ftags&post=64216"}],"curies":[{"name":"wp","href":"https:\/\/api.w.org\/{rel}","templated":true}]}}