{"id":64219,"date":"2023-11-30T17:54:42","date_gmt":"2023-11-30T17:54:42","guid":{"rendered":"http:\/\/www.latempete.info\/?p=64219"},"modified":"2023-11-30T17:54:44","modified_gmt":"2023-11-30T17:54:44","slug":"en-prevision-du-20-decembre-les-uns-sagitent-les-autres-reviennent-a-la-raison","status":"publish","type":"post","link":"http:\/\/www.latempete.info\/?p=64219","title":{"rendered":"En pr\u00e9vision du 20 d\u00e9cembre : les uns s\u2019agitent, les autres reviennent \u00e0 la raison"},"content":{"rendered":"\n<p><br>Face \u00e0 la mauvaise campagne du Pr\u00e9lat catholique la CENI r\u00e9affirme au cardinal Ambongo sa d\u00e9termination d&rsquo;organiser les \u00e9lections<br>Par LKT<\/p>\n\n\n\n<p>La Commission \u00c9lectorale Nationale Ind\u00e9pendante (CENI) n&rsquo;a pas attendu pour r\u00e9pondre au cardinal Fridolin Ambongo Besungu, face \u00e0 ce que cette centrale \u00e9lectorale qualifie de mauvaise campagne du prince de l&rsquo;Eglise. \u00ab\u00a0La CENI est r\u00e9solument engag\u00e9e \u00e0 organiser des \u00e9lections cr\u00e9dibles, apais\u00e9es, transparentes et inclusives conform\u00e9ment aux lois du pays et cela, malgr\u00e9 des innombrables \u00e9cueils et d\u00e9fis auxquels elle fait face, depuis la mise en place de l&rsquo;actuel \u00e9quipe dirigeante\u00a0\u00bb<\/p>\n\n\n\n<p>Elle a donn\u00e9 cette r\u00e9ponse aux all\u00e9gations tenues le dimanche dernier par le cardinal Ambongo, \u00e0 l&rsquo;occasion de la messe avec les jeunes catholiques de la ville de Kinshasa.<\/p>\n\n\n\n<p>Il a, \u00e0 cette occasion, \u00e9mis des doutes quant \u00e0 la tenue des \u00e9lections en date du 20 d\u00e9cembre prochain, conform\u00e9ment au calendrier \u00e9lectoral. \u00ab\u00a0Au niveau de la CENI, nous n&rsquo;avons pas de preuve qu&rsquo;il y aura \u00e9lections le 20 d\u00e9cembre 2023. M\u00eame si elles se tenaient, nous n&rsquo;avons pas de certitude qu&rsquo;elles vont se d\u00e9rouler dans les meilleures conditions de transparence\u00a0\u00bb, a soutenu le pr\u00e9lat catholique.<\/p>\n\n\n\n<p>C&rsquo;est ainsi que dans le communiqu\u00e9 sign\u00e9 par Patricia Nseya Mulela, rapporteur de la centrale \u00e9lectorale le mardi 28 novembre, la CENI juge inopportune la d\u00e9claration du pr\u00e9lat catholique. Elle est aussi qualifi\u00e9e d&rsquo;incendiaires et non constructive, susceptibles de d\u00e9mobiliser toutes les parties prenantes engag\u00e9es dans le processus \u00e9lectoral qui amorce son dernier virage, de saboter les efforts entrepris pour tenir les \u00e9ch\u00e9ances \u00e9lectorales dans le d\u00e9lai constitutionnel et surtout semer la division et confusion.<\/p>\n\n\n\n<p>La CENI a invit\u00e9 la Mission d&rsquo;Observation \u00c9lectorale de la Conf\u00e9rence \u00e9piscopale nationale du Congo et de l&rsquo;\u00c9glise du Christ au Congo (MOE CENCO-ECC) \u00e0 se d\u00e9solidariser publiquement des propos du num\u00e9ro 1 de L&rsquo;\u00c9glise catholique, lesquels vraisemblablement pourraient remettre en cause la relation de confiance entre la MOE CENCO-ECC et la CENI qui, \u00e0 travers de ses repr\u00e9sentants, avait lev\u00e9 l&rsquo;option de travailler avec la Centrale \u00e9lectorale pour l&rsquo;organisation de bonnes \u00e9lections.<\/p>\n","protected":false},"excerpt":{"rendered":"<p>Face \u00e0 la mauvaise campagne du Pr\u00e9lat catholique la CENI r\u00e9affirme au cardinal Ambongo sa d\u00e9termination d&rsquo;organiser les \u00e9lectionsPar LKT La Commission \u00c9lectorale Nationale Ind\u00e9pendante (CENI) n&rsquo;a pas attendu pour r\u00e9pondre au cardinal Fridolin Ambongo Besungu, face \u00e0 ce que cette centrale \u00e9lectorale qualifie de mauvaise campagne du prince de l&rsquo;Eglise. \u00ab\u00a0La CENI est r\u00e9solument [&hellip;]<\/p>\n","protected":false},"author":1,"featured_media":64220,"comment_status":"closed","ping_status":"closed","sticky":false,"template":"","format":"standard","meta":{"footnotes":""},"categories":[136,134,10],"tags":[],"class_list":["post-64219","post","type-post","status-publish","format-standard","has-post-thumbnail","hentry","category-a-la-une","category-la-tempete-des-tropiques","category-societe"],"_links":{"self":[{"href":"http:\/\/www.latempete.info\/index.php?rest_route=\/wp\/v2\/posts\/64219"}],"collection":[{"href":"http:\/\/www.latempete.info\/index.php?rest_route=\/wp\/v2\/posts"}],"about":[{"href":"http:\/\/www.latempete.info\/index.php?rest_route=\/wp\/v2\/types\/post"}],"author":[{"embeddable":true,"href":"http:\/\/www.latempete.info\/index.php?rest_route=\/wp\/v2\/users\/1"}],"replies":[{"embeddable":true,"href":"http:\/\/www.latempete.info\/index.php?rest_route=%2Fwp%2Fv2%2Fcomments&post=64219"}],"version-history":[{"count":2,"href":"http:\/\/www.latempete.info\/index.php?rest_route=\/wp\/v2\/posts\/64219\/revisions"}],"predecessor-version":[{"id":64222,"href":"http:\/\/www.latempete.info\/index.php?rest_route=\/wp\/v2\/posts\/64219\/revisions\/64222"}],"wp:featuredmedia":[{"embeddable":true,"href":"http:\/\/www.latempete.info\/index.php?rest_route=\/wp\/v2\/media\/64220"}],"wp:attachment":[{"href":"http:\/\/www.latempete.info\/index.php?rest_route=%2Fwp%2Fv2%2Fmedia&parent=64219"}],"wp:term":[{"taxonomy":"category","embeddable":true,"href":"http:\/\/www.latempete.info\/index.php?rest_route=%2Fwp%2Fv2%2Fcategories&post=64219"},{"taxonomy":"post_tag","embeddable":true,"href":"http:\/\/www.latempete.info\/index.php?rest_route=%2Fwp%2Fv2%2Ftags&post=64219"}],"curies":[{"name":"wp","href":"https:\/\/api.w.org\/{rel}","templated":true}]}}