{"id":64987,"date":"2024-01-30T16:29:13","date_gmt":"2024-01-30T16:29:13","guid":{"rendered":"http:\/\/www.latempete.info\/?p=64987"},"modified":"2024-01-30T16:29:15","modified_gmt":"2024-01-30T16:29:15","slug":"le-rapprochement-kinshasa-gitega-fait-trembler-kagame-2","status":"publish","type":"post","link":"http:\/\/www.latempete.info\/?p=64987","title":{"rendered":"Le rapprochement Kinshasa &#8211; Gitega fait trembler Kagame"},"content":{"rendered":"\n<p><br>Par N.T.<\/p>\n\n\n\n<p>Le renforcement de l\u2019axe Kinshasa-Gitega marqu\u00e9 par la signature entre les autorit\u00e9s de la RDC et celles du Burundi d\u2019un accord de d\u00e9fense fait trembler le Pr\u00e9sident du Rwanda, Paul Kagame. La RDC accuse Kagame d\u2019agir \u00e0 travers la r\u00e9bellion du M23 qui occupe une partie de la province du Nord-Kivu dans l\u2019Est du pays, alors que le Burundi accuse le Pr\u00e9sident rwandais d\u2019h\u00e9berger et de soutenir les rebelles burundais Red-Tabara. L\u2019homme fort de Kigali a toujours rejet\u00e9 les accusations de ses deux voisins de l\u2019ouest (RDC) et du sud (Burundi). Et pourtant, plusieurs rapports d\u2019experts de l\u2019ONU ont confirm\u00e9 le soutien du Rwanda au M23.<\/p>\n\n\n\n<p>Le Pr\u00e9sident F\u00e9lix-Antoine Tshisekedi et le Chef de l\u2019Etat burundais, Evariste Ndayishimiye, consid\u00e8rent Paul Kagame comme leur ennemi commun qui d\u00e9stabilisent leurs deux pays. Dans un meeting de campagne \u00e9lectorale en d\u00e9cembre dernier \u00e0 Bukavu, le Pr\u00e9sident Tshisekedi a publiquement compar\u00e9 Paul Kagame au dictateur allemand de triste m\u00e9moire, Adolphe Hitler. Dimanche dernier \u00e0 Kinshasa, le Pr\u00e9sident Ndayishimiye, s\u2019adressant aux d\u00e9l\u00e9gu\u00e9s de la jeunesse de la RDC, a utilis\u00e9 des mots tr\u00e8s durs \u00e0 l\u2019\u00e9gard du Pr\u00e9sident Kagame, le qualifiant d\u2019\u00ab\u00a0hypocrite\u00a0\u00bb\u00a0et de \u00ab\u00a0menteur\u00a0\u00bb. Il est all\u00e9 jusqu\u2019\u00e0 dire : \u00ab notre lutte doit continuer jusqu\u2019\u00e0 ce que le peuple rwandais commence aussi \u00e0 se faire pression. Je sais que les jeunes Rwandais ne peuvent pas accepter d\u2019\u00eatre des prisonniers dans la r\u00e9gion. \u00bb Il faisait allusion \u00e0 un projet d\u2019organisation d\u2019un cadre d\u2019\u00e9changes pour les jeunes qu\u2019il s\u2019appr\u00eate \u00e0 organiser.<\/p>\n\n\n\n<p>Paul Kagame sur la d\u00e9fensive<\/p>\n\n\n\n<p>Cette d\u00e9claration de Ndayishimiye a irrit\u00e9 Kigali, qui la consid\u00e8re comme un appel implicite des jeunes au renversement du Gouvernement rwandais.\u00a0La r\u00e9action du Pr\u00e9sident Kagame n\u2019a pas tard\u00e9. Lundi \u00e0 Kigali, le Pr\u00e9sident rwandais a profit\u00e9 de la tribune du Dialogue national pour prononcer un discours sous forme de mise en garde. Paul Kagame a soutenu que le Rwanda est un pays s\u00fbr et le restera. Selon RFI, il a dit notamment ce qui suit : \u00ab Quand il s\u2019agit de d\u00e9fendre ce pays qui a souffert pendant si longtemps sans personne pour l\u2019aider, je n\u2019ai besoin de la permission de personne pour faire ce qu\u2019il faut pour nous prot\u00e9ger. \u00bb Il a poursuivi : \u00ab Je n\u2019ai pas r\u00e9pondu aux insultes qui viennent du sud, de l\u2019ouest. Celles-ci ne tuent pas. Donc je ne peux pas (r\u00e9pondre), ce n\u2019est pas notre genre. Mais ils apprendront avec le temps. Ils apprendront, qu\u2019ils ont fait une grosse erreur. \u00bb<\/p>\n\n\n\n<p>Il s\u2019agit l\u00e0 des propos qui dissimulent mal la peur et l\u2019inqui\u00e9tude de celui qui gouverne de main de fer \u00e0 Kigali. Il voit se liguer contre lui son voisin de l\u2019ouest (RDC) et son voisin du sud (Burundi). Des observateurs avertis soutiennent que l\u2019Arm\u00e9e burundaise se battrait au Nord-Kivu aux c\u00f4t\u00e9s des Forces Arm\u00e9es de la RDC (FARDC) contre le M23 et l\u2019Arm\u00e9e rwandaise.<\/p>\n","protected":false},"excerpt":{"rendered":"<p>Par N.T. Le renforcement de l\u2019axe Kinshasa-Gitega marqu\u00e9 par la signature entre les autorit\u00e9s de la RDC et celles du Burundi d\u2019un accord de d\u00e9fense fait trembler le Pr\u00e9sident du Rwanda, Paul Kagame. La RDC accuse Kagame d\u2019agir \u00e0 travers la r\u00e9bellion du M23 qui occupe une partie de la province du Nord-Kivu dans l\u2019Est [&hellip;]<\/p>\n","protected":false},"author":1,"featured_media":64988,"comment_status":"closed","ping_status":"closed","sticky":false,"template":"","format":"standard","meta":{"footnotes":""},"categories":[134,130,5],"tags":[],"class_list":["post-64987","post","type-post","status-publish","format-standard","has-post-thumbnail","hentry","category-la-tempete-des-tropiques","category-nation","category-politique"],"_links":{"self":[{"href":"http:\/\/www.latempete.info\/index.php?rest_route=\/wp\/v2\/posts\/64987"}],"collection":[{"href":"http:\/\/www.latempete.info\/index.php?rest_route=\/wp\/v2\/posts"}],"about":[{"href":"http:\/\/www.latempete.info\/index.php?rest_route=\/wp\/v2\/types\/post"}],"author":[{"embeddable":true,"href":"http:\/\/www.latempete.info\/index.php?rest_route=\/wp\/v2\/users\/1"}],"replies":[{"embeddable":true,"href":"http:\/\/www.latempete.info\/index.php?rest_route=%2Fwp%2Fv2%2Fcomments&post=64987"}],"version-history":[{"count":1,"href":"http:\/\/www.latempete.info\/index.php?rest_route=\/wp\/v2\/posts\/64987\/revisions"}],"predecessor-version":[{"id":64989,"href":"http:\/\/www.latempete.info\/index.php?rest_route=\/wp\/v2\/posts\/64987\/revisions\/64989"}],"wp:featuredmedia":[{"embeddable":true,"href":"http:\/\/www.latempete.info\/index.php?rest_route=\/wp\/v2\/media\/64988"}],"wp:attachment":[{"href":"http:\/\/www.latempete.info\/index.php?rest_route=%2Fwp%2Fv2%2Fmedia&parent=64987"}],"wp:term":[{"taxonomy":"category","embeddable":true,"href":"http:\/\/www.latempete.info\/index.php?rest_route=%2Fwp%2Fv2%2Fcategories&post=64987"},{"taxonomy":"post_tag","embeddable":true,"href":"http:\/\/www.latempete.info\/index.php?rest_route=%2Fwp%2Fv2%2Ftags&post=64987"}],"curies":[{"name":"wp","href":"https:\/\/api.w.org\/{rel}","templated":true}]}}