{"id":64990,"date":"2024-01-29T16:29:00","date_gmt":"2024-01-29T16:29:00","guid":{"rendered":"http:\/\/www.latempete.info\/?p=64990"},"modified":"2024-01-30T16:31:43","modified_gmt":"2024-01-30T16:31:43","slug":"lartiste-musicien-tsaka-kongo-a-tire-sa-reverence","status":"publish","type":"post","link":"http:\/\/www.latempete.info\/?p=64990","title":{"rendered":"L&rsquo;artiste musicien Tsaka Kongo a tir\u00e9 sa r\u00e9v\u00e9rence"},"content":{"rendered":"\n<p><br>Par YHR<\/p>\n\n\n\n<p>L&rsquo;artiste musicien Edmond Langu Masima, dit \u00a0\u00bb Tsaka Kongo \u00ab\u00a0, ex-\u00a0\u00bb Chaka Zulu \u00ab\u00a0, est d\u00e9c\u00e9d\u00e9, le vendredi 26 janvier, au centre de sant\u00e9 \u00a0\u00bb TVC m\u00e9dical \u00a0\u00bb dans la commune de Ngiri-Ngiri \u00e0 Kinshasa. L&rsquo;homme est mort des suites d&rsquo;une maladie, a-t-on appris de source familiale.<\/p>\n\n\n\n<p>C&rsquo;est Margot Langu, la fille du d\u00e9funt, qui a rendu publique la nouvelle. En attendant le programme des obs\u00e8ques, la d\u00e9pouille de l&rsquo;illustre disparu est gard\u00e9e \u00e0 la morgue de l&rsquo;h\u00f4pital du Cinquantenaire. L&rsquo;homme \u00e9tait connu du public comme coordonnateur de l&rsquo;asbl \u00a0\u00bb Artiste en danger \u00ab\u00a0. Dans ce cadre, son ONG portait au secours aux artistes dans le besoin.<\/p>\n\n\n\n<p>N\u00e9 le 6 juillet 1957 \u00e0 Kinshasa, chanteur, danseur et chor\u00e9graphe, Edmond Langu Masima, ex-Chaka Zulu, surnom adopt\u00e9 apr\u00e8s la diffusion du feuilleton t\u00e9l\u00e9vis\u00e9 sud-africain Chaka Zulu, suite \u00e0 sa vague ressemblance avec l&rsquo;auteur principal de ce programme, Henry Cele. En 1990, il sort une chanson intitul\u00e9e \u00a0\u00bb D\u00e9mocratie \u00ab\u00a0. Morceau qui passait avant le journal de l&rsquo;OZRT et avant la diffusion de la pl\u00e9ni\u00e8re de la Conf\u00e9rence Nationale Souveraine.<\/p>\n\n\n\n<p>L&rsquo;homme avait aussi \u00e9volu\u00e9 aux c\u00f4t\u00e9s de Lita Bembo Libeki, leader de l&rsquo;orchestre Stukas, avant de se s\u00e9parer de ce dernier pour une carri\u00e8re en solo.<\/p>\n","protected":false},"excerpt":{"rendered":"<p>Par YHR L&rsquo;artiste musicien Edmond Langu Masima, dit \u00a0\u00bb Tsaka Kongo \u00ab\u00a0, ex-\u00a0\u00bb Chaka Zulu \u00ab\u00a0, est d\u00e9c\u00e9d\u00e9, le vendredi 26 janvier, au centre de sant\u00e9 \u00a0\u00bb TVC m\u00e9dical \u00a0\u00bb dans la commune de Ngiri-Ngiri \u00e0 Kinshasa. L&rsquo;homme est mort des suites d&rsquo;une maladie, a-t-on appris de source familiale. C&rsquo;est Margot Langu, la fille du [&hellip;]<\/p>\n","protected":false},"author":1,"featured_media":64991,"comment_status":"closed","ping_status":"closed","sticky":false,"template":"","format":"standard","meta":{"footnotes":""},"categories":[8,134,29],"tags":[],"class_list":["post-64990","post","type-post","status-publish","format-standard","has-post-thumbnail","hentry","category-culture-media","category-la-tempete-des-tropiques","category-musique"],"_links":{"self":[{"href":"http:\/\/www.latempete.info\/index.php?rest_route=\/wp\/v2\/posts\/64990"}],"collection":[{"href":"http:\/\/www.latempete.info\/index.php?rest_route=\/wp\/v2\/posts"}],"about":[{"href":"http:\/\/www.latempete.info\/index.php?rest_route=\/wp\/v2\/types\/post"}],"author":[{"embeddable":true,"href":"http:\/\/www.latempete.info\/index.php?rest_route=\/wp\/v2\/users\/1"}],"replies":[{"embeddable":true,"href":"http:\/\/www.latempete.info\/index.php?rest_route=%2Fwp%2Fv2%2Fcomments&post=64990"}],"version-history":[{"count":1,"href":"http:\/\/www.latempete.info\/index.php?rest_route=\/wp\/v2\/posts\/64990\/revisions"}],"predecessor-version":[{"id":64992,"href":"http:\/\/www.latempete.info\/index.php?rest_route=\/wp\/v2\/posts\/64990\/revisions\/64992"}],"wp:featuredmedia":[{"embeddable":true,"href":"http:\/\/www.latempete.info\/index.php?rest_route=\/wp\/v2\/media\/64991"}],"wp:attachment":[{"href":"http:\/\/www.latempete.info\/index.php?rest_route=%2Fwp%2Fv2%2Fmedia&parent=64990"}],"wp:term":[{"taxonomy":"category","embeddable":true,"href":"http:\/\/www.latempete.info\/index.php?rest_route=%2Fwp%2Fv2%2Fcategories&post=64990"},{"taxonomy":"post_tag","embeddable":true,"href":"http:\/\/www.latempete.info\/index.php?rest_route=%2Fwp%2Fv2%2Ftags&post=64990"}],"curies":[{"name":"wp","href":"https:\/\/api.w.org\/{rel}","templated":true}]}}