{"id":65298,"date":"2024-02-22T10:42:48","date_gmt":"2024-02-22T10:42:48","guid":{"rendered":"http:\/\/www.latempete.info\/?p=65298"},"modified":"2024-02-22T10:42:51","modified_gmt":"2024-02-22T10:42:51","slug":"conflit-arme-dans-lest-de-la-rdc-lonu-redoute-une-extension-regionale-du-conflit","status":"publish","type":"post","link":"http:\/\/www.latempete.info\/?p=65298","title":{"rendered":"Conflit arm\u00e9 dans l&rsquo;Est de la RDC : l&rsquo;ONU redoute une extension r\u00e9gionale du conflit"},"content":{"rendered":"\n<p><br>Par TSM<\/p>\n\n\n\n<p>\u00a0\u00bb Il est crucial de souligner le risque d&rsquo;une extension du conflit \u00e0 l&rsquo;\u00e9chelle r\u00e9gionale si les efforts diplomatiques en cours, visant \u00e0 apaiser les tensions et \u00e0 trouver des solutions politiques durables au conflit actuel, \u00e9chouent \u00ab\u00a0, a d\u00e9clar\u00e9, mardi dernier, la Cheffe de la Mission des Nations-Unies en R\u00e9publique d\u00e9mocratique du Congo (MONUSCO), Bintou Keita lors d&rsquo;un expos\u00e9 par visioconf\u00e9rence, depuis Kinshasa, aux membres du Conseil de s\u00e9curit\u00e9.<\/p>\n\n\n\n<p>D\u00e9claration faite alors que Bintou Keita intervenait sur \u00a0\u00bb la situation profond\u00e9ment inqui\u00e9tante \u00a0\u00bb autour de Sake et Goma, dans la province du Nord-Kivu, o\u00f9 les hostilit\u00e9s entre le groupe arm\u00e9 M23 soutenu par l&rsquo;arm\u00e9e rwandaise et les Forces arm\u00e9es congolaises (FARDC) se sont consid\u00e9rablement intensifi\u00e9es, rapportent les Nations-Unies.<\/p>\n\n\n\n<p>Concernant les initiatives de paix r\u00e9gionales en cours, elle a demand\u00e9 au Conseil de S\u00e9curit\u00e9 de peser de tout son poids en veillant \u00e0 ce que toutes les parties puissent respecter le droit international, leurs engagements, et d&rsquo;\u0153uvrer de mani\u00e8re constructive pour mettre fin \u00e0 la crise actuelle.<br>Selon Mme Keita, bien que l&rsquo;escalade du conflit \u00e0 Goma et dans ses environs soit une pr\u00e9occupation majeure, la situation s\u00e9curitaire dans d&rsquo;autres zones du Nord-Kivu, de l&rsquo;Ituri et du Sud-Kivu suscite \u00e9galement une profonde inqui\u00e9tude pour la MONUSCO.<\/p>\n\n\n\n<p>Dans la r\u00e9gion de l&rsquo;Ituri, on observe une escalade significative de la violence dans le territoire de Djugu, o\u00f9 la MONUSCO continue d&rsquo;assurer la protection physique directe de plus de 100.000 personnes d\u00e9plac\u00e9es. La cheffe de la MONUSCO dit redouter fortement que la situation en Ituri ne d\u00e9g\u00e9n\u00e8re davantage. Ce qui compromettrait ainsi les progr\u00e8s r\u00e9alis\u00e9s par la Mission onusienne et les autorit\u00e9s provinciales pour soutenir le processus de paix en cours dans la r\u00e9gion.<\/p>\n\n\n\n<p>Dans la province du Sud-Kivu o\u00f9 la MONUSCO se pr\u00e9pare \u00e0 se retirer dans quelques mois, des affrontements ont \u00e9clat\u00e9 entre les milices Twirwaneho et des groupes Ma\u00ef-Ma\u00ef dans le sud de Minembwe. Mme Keita a inform\u00e9 qu&rsquo;elle va se rendre la semaine prochaine \u00e0 Bukavu et \u00e0 Uvira pour dialoguer avec les autorit\u00e9s provinciales et les organisations de la soci\u00e9t\u00e9 civile, afin d&rsquo;\u00e9valuer la mise en \u0153uvre du d\u00e9sengagement.<\/p>\n\n\n\n<p>Situation humanitaire d\u00e9sastreuse<\/p>\n\n\n\n<p>A en croire la Cheffe de la MONUSCO, la situation humanitaire d\u00e9j\u00e0 d\u00e9sastreuse dans le Nord-Kivu est encore aggrav\u00e9e par les combats. Les conditions de vie dans les sites de d\u00e9placement extr\u00eamement surpeupl\u00e9s \u00e0 Goma et aux alentours sont d\u00e9sesp\u00e9r\u00e9es, a-t-elle averti, alors que plus de 400.000 personnes d\u00e9plac\u00e9es ont d\u00e9sormais trouv\u00e9 refuge dans la ville, dont 65.000 au cours des deux derni\u00e8res semaines, provoquant une augmentation spectaculaire des cas de chol\u00e9ra en raison du manque d&rsquo;eau potable, d&rsquo;hygi\u00e8ne et d&rsquo;assainissement ad\u00e9quats.<\/p>\n\n\n\n<p>Pendant ce temps, l&rsquo;acc\u00e8s restreint aux territoires contr\u00f4l\u00e9s par le M23 isole Goma des territoires int\u00e9rieurs et perturbe la production alimentaire et les cha\u00eenes d&rsquo;approvisionnement. Les prix des produits de base \u00e0 Goma sont en hausse, augmentant le risque de troubles publics.<\/p>\n\n\n\n<p>Mme Keita a \u00e9galement indiqu\u00e9 que le red\u00e9ploiement des FARDC au front avec le M23 a exacerb\u00e9 le vide s\u00e9curitaire dans d&rsquo;autres territoires du Nord-Kivu, notamment \u00e0 Beni, Lubero et Walikale, et attir\u00e9 de nouveaux combattants, notamment du Sud-Kivu. Elle se dit profond\u00e9ment pr\u00e9occup\u00e9e par les graves violations et atteintes aux droits humains internationaux et au droit international humanitaire commises dans les zones sous le contr\u00f4le du M23, o\u00f9 ce mouvement cible les acteurs de la soci\u00e9t\u00e9 civile, en particulier les d\u00e9fenseurs des droits humains, et les journalistes.<\/p>\n\n\n\n<p>Pour rappel en d\u00e9cembre, le Conseil de S\u00e9curit\u00e9 de l&rsquo;ONU a d\u00e9cid\u00e9 de proroger, pour un an, soit jusqu&rsquo;au 20 d\u00e9cembre 2024, le mandat de la MONUSCO, tout en d\u00e9cidant d&rsquo;initier son \u00a0\u00bb retrait progressif, responsable et durable \u00a0\u00bb du pays.<\/p>\n","protected":false},"excerpt":{"rendered":"<p>Par TSM \u00a0\u00bb Il est crucial de souligner le risque d&rsquo;une extension du conflit \u00e0 l&rsquo;\u00e9chelle r\u00e9gionale si les efforts diplomatiques en cours, visant \u00e0 apaiser les tensions et \u00e0 trouver des solutions politiques durables au conflit actuel, \u00e9chouent \u00ab\u00a0, a d\u00e9clar\u00e9, mardi dernier, la Cheffe de la Mission des Nations-Unies en R\u00e9publique d\u00e9mocratique du [&hellip;]<\/p>\n","protected":false},"author":1,"featured_media":65299,"comment_status":"closed","ping_status":"closed","sticky":false,"template":"","format":"standard","meta":{"footnotes":""},"categories":[136,27,134,130,5],"tags":[],"class_list":["post-65298","post","type-post","status-publish","format-standard","has-post-thumbnail","hentry","category-a-la-une","category-internationale","category-la-tempete-des-tropiques","category-nation","category-politique"],"_links":{"self":[{"href":"http:\/\/www.latempete.info\/index.php?rest_route=\/wp\/v2\/posts\/65298"}],"collection":[{"href":"http:\/\/www.latempete.info\/index.php?rest_route=\/wp\/v2\/posts"}],"about":[{"href":"http:\/\/www.latempete.info\/index.php?rest_route=\/wp\/v2\/types\/post"}],"author":[{"embeddable":true,"href":"http:\/\/www.latempete.info\/index.php?rest_route=\/wp\/v2\/users\/1"}],"replies":[{"embeddable":true,"href":"http:\/\/www.latempete.info\/index.php?rest_route=%2Fwp%2Fv2%2Fcomments&post=65298"}],"version-history":[{"count":1,"href":"http:\/\/www.latempete.info\/index.php?rest_route=\/wp\/v2\/posts\/65298\/revisions"}],"predecessor-version":[{"id":65300,"href":"http:\/\/www.latempete.info\/index.php?rest_route=\/wp\/v2\/posts\/65298\/revisions\/65300"}],"wp:featuredmedia":[{"embeddable":true,"href":"http:\/\/www.latempete.info\/index.php?rest_route=\/wp\/v2\/media\/65299"}],"wp:attachment":[{"href":"http:\/\/www.latempete.info\/index.php?rest_route=%2Fwp%2Fv2%2Fmedia&parent=65298"}],"wp:term":[{"taxonomy":"category","embeddable":true,"href":"http:\/\/www.latempete.info\/index.php?rest_route=%2Fwp%2Fv2%2Fcategories&post=65298"},{"taxonomy":"post_tag","embeddable":true,"href":"http:\/\/www.latempete.info\/index.php?rest_route=%2Fwp%2Fv2%2Ftags&post=65298"}],"curies":[{"name":"wp","href":"https:\/\/api.w.org\/{rel}","templated":true}]}}