{"id":65301,"date":"2024-02-22T10:46:09","date_gmt":"2024-02-22T10:46:09","guid":{"rendered":"http:\/\/www.latempete.info\/?p=65301"},"modified":"2024-02-22T10:46:13","modified_gmt":"2024-02-22T10:46:13","slug":"assemblee-provinciale-du-kongo-central-voici-les-4-chefs-traditionnels-cooptes","status":"publish","type":"post","link":"http:\/\/www.latempete.info\/?p=65301","title":{"rendered":"Assembl\u00e9e provinciale du Kongo Central : voici les 4 chefs traditionnels coopt\u00e9s"},"content":{"rendered":"\n<p><br>Par Dieudonn\u00e9 Muaka Dimbi<\/p>\n\n\n\n<p>Les 4 chefs traditionnels coopt\u00e9s par l&rsquo;Assembl\u00e9e provinciale du Kongo Central sont : Malele Phanzu Balunga Tity Espoir tr\u00e8s connu sous le pseudonyme de Nkuangila Nlele ; Kumoyo Landu Jacob, Lubaki Kioni Gabriel et Landu Nsongo Jean repr\u00e9sentant respectivement les territoires de Lukula, Songololo, Kasangulu et Seke-Banza.<\/p>\n\n\n\n<p>Tous ces chefs traditionnels ont \u00e9t\u00e9 coopt\u00e9s au terme de la s\u00e9ance pl\u00e9ni\u00e8re du mardi 20 f\u00e9vrier 2024, laquelle a \u00e9t\u00e9 pr\u00e9sid\u00e9e par l&rsquo;honorable Yobila Banzenza Thomas, pr\u00e9sident du bureau provisoire de l&rsquo;organe d\u00e9lib\u00e9rant du Kongo Central.<\/p>\n\n\n\n<p>Mais, pour y parvenir, le 2\u1d49 secr\u00e9taire rapporteur dudit bureau, l&rsquo;honorable Mbadu Manu Om\u00e9ga, a d&rsquo;abord fait lecture, \u00e0 l&rsquo;intention de la pl\u00e9ni\u00e8re, de deux proc\u00e8s-verbaux de d\u00e9signation provenant du secr\u00e9tariat ex\u00e9cutif provincial de la Commission \u00e9lectorale nationale ind\u00e9pendante (CENI) en vue d&rsquo;expliquer la l\u00e9gitimit\u00e9 de la cooptation de ces autorit\u00e9s traditionnelles et, \u00e9ventuellement, mettre un terme \u00e0 toute sorte des d\u00e9bats. Apr\u00e8s leur pr\u00e9sentation \u00e0 la pl\u00e9ni\u00e8re, ces chefs coutumiers ont eu droit \u00e0 un accueil chaleureux de la part de leurs coll\u00e8gues d\u00e9put\u00e9s provinciaux (au nombre de 36) qui, du reste, l&rsquo;ont en effet manifest\u00e9 par les applaudissements fr\u00e9n\u00e9tiques. L&rsquo;occasion faisant le larron, l&rsquo;honorable pr\u00e9sident du bureau provisoire de l&rsquo;Assembl\u00e9e provinciale du Kongo Central, en sa qualit\u00e9 de doyen d&rsquo;\u00e2ge, leur a prodigu\u00e9 de sages conseils.<\/p>\n\n\n\n<p>C&rsquo;est-\u00e0-dire, il les a tous invit\u00e9s \u00e0 se consid\u00e9rer d\u00e9sormais comme des repr\u00e9sentants de toute la population du Kongo Central et non pas seulement de celle de leurs territoires d&rsquo;origine respectifs.<\/p>\n\n\n\n<p>Ces diff\u00e9rentes \u00e9tapes ayant \u00e9t\u00e9 franchies avec succ\u00e8s et dans la qui\u00e9tude la plus totale, il reste au bureau provisoire de l&rsquo;organe d\u00e9lib\u00e9rant de convoquer d&rsquo;autres pl\u00e9ni\u00e8res essentiellement consacr\u00e9es, entre autres, \u00e0 l&rsquo;adoption du r\u00e8glement int\u00e9rieur devant r\u00e9gir l&rsquo;Assembl\u00e9e provinciale, ainsi qu&rsquo;\u00e0 la mise en place du bureau d\u00e9finitif.<\/p>\n","protected":false},"excerpt":{"rendered":"<p>Par Dieudonn\u00e9 Muaka Dimbi Les 4 chefs traditionnels coopt\u00e9s par l&rsquo;Assembl\u00e9e provinciale du Kongo Central sont : Malele Phanzu Balunga Tity Espoir tr\u00e8s connu sous le pseudonyme de Nkuangila Nlele ; Kumoyo Landu Jacob, Lubaki Kioni Gabriel et Landu Nsongo Jean repr\u00e9sentant respectivement les territoires de Lukula, Songololo, Kasangulu et Seke-Banza. Tous ces chefs traditionnels [&hellip;]<\/p>\n","protected":false},"author":1,"featured_media":65302,"comment_status":"closed","ping_status":"closed","sticky":false,"template":"","format":"standard","meta":{"footnotes":""},"categories":[134,5,25,10],"tags":[],"class_list":["post-65301","post","type-post","status-publish","format-standard","has-post-thumbnail","hentry","category-la-tempete-des-tropiques","category-politique","category-province","category-societe"],"_links":{"self":[{"href":"http:\/\/www.latempete.info\/index.php?rest_route=\/wp\/v2\/posts\/65301"}],"collection":[{"href":"http:\/\/www.latempete.info\/index.php?rest_route=\/wp\/v2\/posts"}],"about":[{"href":"http:\/\/www.latempete.info\/index.php?rest_route=\/wp\/v2\/types\/post"}],"author":[{"embeddable":true,"href":"http:\/\/www.latempete.info\/index.php?rest_route=\/wp\/v2\/users\/1"}],"replies":[{"embeddable":true,"href":"http:\/\/www.latempete.info\/index.php?rest_route=%2Fwp%2Fv2%2Fcomments&post=65301"}],"version-history":[{"count":1,"href":"http:\/\/www.latempete.info\/index.php?rest_route=\/wp\/v2\/posts\/65301\/revisions"}],"predecessor-version":[{"id":65303,"href":"http:\/\/www.latempete.info\/index.php?rest_route=\/wp\/v2\/posts\/65301\/revisions\/65303"}],"wp:featuredmedia":[{"embeddable":true,"href":"http:\/\/www.latempete.info\/index.php?rest_route=\/wp\/v2\/media\/65302"}],"wp:attachment":[{"href":"http:\/\/www.latempete.info\/index.php?rest_route=%2Fwp%2Fv2%2Fmedia&parent=65301"}],"wp:term":[{"taxonomy":"category","embeddable":true,"href":"http:\/\/www.latempete.info\/index.php?rest_route=%2Fwp%2Fv2%2Fcategories&post=65301"},{"taxonomy":"post_tag","embeddable":true,"href":"http:\/\/www.latempete.info\/index.php?rest_route=%2Fwp%2Fv2%2Ftags&post=65301"}],"curies":[{"name":"wp","href":"https:\/\/api.w.org\/{rel}","templated":true}]}}