{"id":65376,"date":"2024-02-28T17:45:07","date_gmt":"2024-02-28T17:45:07","guid":{"rendered":"http:\/\/www.latempete.info\/?p=65376"},"modified":"2024-02-28T17:45:11","modified_gmt":"2024-02-28T17:45:11","slug":"goma-un-journaliste-poignarde-par-des-inconnus","status":"publish","type":"post","link":"http:\/\/www.latempete.info\/?p=65376","title":{"rendered":"Goma : un journaliste poignard\u00e9 par des inconnus"},"content":{"rendered":"\n<p><br>Par Thony Kambila<\/p>\n\n\n\n<p>Un journaliste, r\u00e9pondant au nom d&rsquo;Awa Jean de Dieu de Hope Channel T\u00e9l\u00e9vision et correspondant de Nyota TV, a \u00e9t\u00e9 poignard\u00e9 \u00e0 la t\u00eate, lundi 26 f\u00e9vrier 2024, par des jeunes d\u00e9linquants non identifi\u00e9s \u00e0 Goma, chef-lieu de la province du Nord-Kivu.<\/p>\n\n\n\n<p> Selon des sources proches de sa famille, c&rsquo;\u00e9tait aux environs de 21h30&prime; que ce professionnel de m\u00e9dias et son confr\u00e8re Cadet Mukata de Mishapi Voice TV ont crois\u00e9, sur leur chemin, des jeunes munis de couteaux et machettes qui les ont agress\u00e9s au niveau de l&rsquo;h\u00f4pital CBCA\/Virunga. Ayant r\u00e9ussi \u00e0 s&rsquo;\u00e9chapper des mains des agresseurs, Cadet Mukata est all\u00e9 chercher le secours aupr\u00e8s des services de s\u00e9curit\u00e9. <\/p>\n\n\n\n<p>Awa Jean De Dieu, quant \u00e0 lui, a \u00e9t\u00e9 gri\u00e8vement bless\u00e9 par ces malfrats perdant ainsi trop de sang. Le confr\u00e8re a vu ses mat\u00e9riels de travail, dont son t\u00e9l\u00e9phone portable, emport\u00e9s par ces malfrats qui se sont volatilis\u00e9s dans la nature. Le journaliste a \u00e9t\u00e9 admis dans une structure sanitaire de la place pour des soins appropri\u00e9s.<\/p>\n","protected":false},"excerpt":{"rendered":"<p>Par Thony Kambila Un journaliste, r\u00e9pondant au nom d&rsquo;Awa Jean de Dieu de Hope Channel T\u00e9l\u00e9vision et correspondant de Nyota TV, a \u00e9t\u00e9 poignard\u00e9 \u00e0 la t\u00eate, lundi 26 f\u00e9vrier 2024, par des jeunes d\u00e9linquants non identifi\u00e9s \u00e0 Goma, chef-lieu de la province du Nord-Kivu. Selon des sources proches de sa famille, c&rsquo;\u00e9tait aux environs [&hellip;]<\/p>\n","protected":false},"author":1,"featured_media":0,"comment_status":"closed","ping_status":"closed","sticky":false,"template":"","format":"standard","meta":{"footnotes":""},"categories":[134,25,10],"tags":[],"class_list":["post-65376","post","type-post","status-publish","format-standard","hentry","category-la-tempete-des-tropiques","category-province","category-societe"],"_links":{"self":[{"href":"http:\/\/www.latempete.info\/index.php?rest_route=\/wp\/v2\/posts\/65376"}],"collection":[{"href":"http:\/\/www.latempete.info\/index.php?rest_route=\/wp\/v2\/posts"}],"about":[{"href":"http:\/\/www.latempete.info\/index.php?rest_route=\/wp\/v2\/types\/post"}],"author":[{"embeddable":true,"href":"http:\/\/www.latempete.info\/index.php?rest_route=\/wp\/v2\/users\/1"}],"replies":[{"embeddable":true,"href":"http:\/\/www.latempete.info\/index.php?rest_route=%2Fwp%2Fv2%2Fcomments&post=65376"}],"version-history":[{"count":1,"href":"http:\/\/www.latempete.info\/index.php?rest_route=\/wp\/v2\/posts\/65376\/revisions"}],"predecessor-version":[{"id":65377,"href":"http:\/\/www.latempete.info\/index.php?rest_route=\/wp\/v2\/posts\/65376\/revisions\/65377"}],"wp:attachment":[{"href":"http:\/\/www.latempete.info\/index.php?rest_route=%2Fwp%2Fv2%2Fmedia&parent=65376"}],"wp:term":[{"taxonomy":"category","embeddable":true,"href":"http:\/\/www.latempete.info\/index.php?rest_route=%2Fwp%2Fv2%2Fcategories&post=65376"},{"taxonomy":"post_tag","embeddable":true,"href":"http:\/\/www.latempete.info\/index.php?rest_route=%2Fwp%2Fv2%2Ftags&post=65376"}],"curies":[{"name":"wp","href":"https:\/\/api.w.org\/{rel}","templated":true}]}}