{"id":65627,"date":"2024-03-14T18:59:15","date_gmt":"2024-03-14T18:59:15","guid":{"rendered":"http:\/\/www.latempete.info\/?p=65627"},"modified":"2024-03-14T18:59:16","modified_gmt":"2024-03-14T18:59:16","slug":"lavocat-de-la-chanteuse-aya-nakamura-denonce-une-polemique-infame-et-une-provocation-a-la-discrimination","status":"publish","type":"post","link":"http:\/\/www.latempete.info\/?p=65627","title":{"rendered":"L&rsquo;avocat de la chanteuse Aya Nakamura d\u00e9nonce \u00a0\u00bb une pol\u00e9mique inf\u00e2me \u00a0\u00bb et une \u00a0\u00bb provocation \u00e0 la discrimination"},"content":{"rendered":"\n<p>Elle fait face \u00e0 des attaques racistes apr\u00e8s avoir \u00e9t\u00e9 pressentie pour interpr\u00e9ter la chanson d&rsquo;ouverture des Jeux Olympiques 2024 \u00e0 Paris<\/p>\n\n\n\n<p>Par YHR<\/p>\n\n\n\n<p>Invit\u00e9 sur une radio fran\u00e7aise hier mercredi, Me Karim Sebihat, l&rsquo;avocat de la chanteuse &lsquo;Aya Nakamura, a d\u00e9nonc\u00e9 \u00a0\u00bb une pol\u00e9mique indigne et inf\u00e2me \u00ab\u00a0, apr\u00e8s les attaques de l&rsquo;extr\u00eame droite de l&rsquo;hexagone visant l&rsquo;artiste-musicienne, pressentie pour participer \u00e0 la c\u00e9r\u00e9monie d&rsquo;ouverture des Jeux Olympiques 2024.<\/p>\n\n\n\n<p>Alors que le comit\u00e9 d&rsquo;organisation des Jeux Olympique de Paris a d\u00e9sign\u00e9 la chanteuse de 28 ans pour ouvrir la c\u00e9r\u00e9monie de juillet, en interpr\u00e9tant une chanson de la l\u00e9gendaire chanteuse fran\u00e7aise Edith Piaf, cette d\u00e9cision a d\u00e9clench\u00e9 une vague de haine de la part de groupe d&rsquo;extr\u00eame droite.<\/p>\n\n\n\n<p>Pol\u00e9mique<\/p>\n\n\n\n<p>Dimanche, l&rsquo;un d&rsquo;eux, \u00a0\u00bb Les Natifs \u00a0\u00bb a manifest\u00e9 \u00e0 Paris, avec une banderole disant : \u00ab\u00a0Pas question Aya, on est \u00e0 Paris, pas au march\u00e9 de Bamako\u00a0\u00bb, en r\u00e9f\u00e9rence \u00e0 la capitale du Mali. N\u00e9e le 10 mai 1995 \u00e0 Bamako, au Mali, Aya Nakamura a \u00e9migr\u00e9 en France avec sa famille lorsqu&rsquo;elle \u00e9tait enfant, elle a re\u00e7u la nationalit\u00e9 fran\u00e7aise en 2021. La star de la musique a \u00e9galement \u00e9t\u00e9 hu\u00e9e par les partisans du parti d&rsquo;extr\u00eame droite Reconqu\u00eate, lors d&rsquo;un autre rassemblement dimanche.<\/p>\n\n\n\n<p>Le comit\u00e9 d&rsquo;organisation des Jeux olympiques de Paris a d\u00e9plor\u00e9 la situation lundi, rappelant qu&rsquo;il apportait \u00ab\u00a0tout son soutien \u00e0 l&rsquo;artiste fran\u00e7aise la plus \u00e9cout\u00e9e dans le monde.\u00a0\u00bb Plusieurs fans et dirigeants fran\u00e7ais, dont le d\u00e9put\u00e9 Antoine Leaument et la ministre des Sports Am\u00e9lie Oudea-Castera, ont apport\u00e9 leur soutien \u00e0 Aya Nakamura. \u00a0\u00bb Les Natifs \u00ab\u00a0, quant \u00e0 eux, ont continu\u00e9 d&rsquo;affirmer que l&rsquo;artiste ne repr\u00e9sentait pas la France et que sa performance serait le signe d&rsquo;une \u00a0\u00bb africanisation \u00a0\u00bb de la culture du pays.<\/p>\n\n\n\n<p>La chanteuse francophone la plus \u00e9cout\u00e9e dans le monde depuis\u2026\u00c9dith Piaf<\/p>\n\n\n\n<p>Aya Nakamura, de son vrai nom Aya Danioko, est une auteure-compositrice-interpr\u00e8te franco-malienne. Apr\u00e8s des d\u00e9buts remarqu\u00e9s sur les r\u00e9seaux sociaux et de nombreuses collaborations, elle fait une perc\u00e9e d\u00e8s la sortie de son premier album intitul\u00e9 Journal intime, en 2017, qui est certifi\u00e9 disque de platine apr\u00e8s un peu plus de deux ans. En 2018, elle publie son deuxi\u00e8me album \u00a0\u00bb Nakamura \u00ab\u00a0, avec lequel elle se fait conna\u00eetre du grand public, propuls\u00e9e par le single \u00a0\u00bb Djadja \u00ab\u00a0. Ce nouvel album est certifi\u00e9 disque de diamant, avec des ventes atteignant plus de 550 000 unit\u00e9s en France et plus de 1,2 million d&rsquo;exemplaires vendus dans le monde. Ses chansons se classent dans les pays francophones et \u00e0 l&rsquo;\u00e9tranger.<\/p>\n\n\n\n<p>Selon le Syndicat national de l&rsquo;\u00e9dition phonographique (SNEP) l&rsquo;interpr\u00e8te de \u00a0\u00bb Pookie \u00a0\u00bb est la seule femme \u00e0 figurer dans le classement des 20 albums les plus vendus 2023. Aya Nakamura totalise \u00e0 ce jour plus de 6 milliards d&rsquo;\u00e9coutes sur les diverses plateformes, d&rsquo;apr\u00e8s son label, REC 118, un score sans \u00e9gal sur la sc\u00e8ne musicale \u00ab\u00a0made in France\u00a0\u00bb. Rien que sur Spotify, elle est \u00e9cout\u00e9e par 8,6 millions d&rsquo;abonn\u00e9s par mois dans le monde, contre 3,6 millions pour Edith Piaf, qu&rsquo;elle pourrait interpr\u00e9ter sur la Seine le 26 juillet, lors du show concoct\u00e9 par le metteur en sc\u00e8ne Thomas Jolly.<\/p>\n\n\n\n<p> Sur Youtube, Aya Nakamura compte 7,38 millions d&rsquo;abonn\u00e9s pour 3 milliards de vid\u00e9os vues, dont 954 millions rien que pour le clip de \u00ab\u00a0Djadja\u00a0\u00bb, mis en ligne il y a d\u00e9j\u00e0 cinq ans. Un titre qui a propuls\u00e9 la carri\u00e8re de l&rsquo;enfant de Bamako. En 2018, il a fait d&rsquo;elle la premi\u00e8re fran\u00e7aise \u00e0 se classer en t\u00eate des charts aux Pays-Bas depuis\u2026 Edith Piaf en 1961.<\/p>\n","protected":false},"excerpt":{"rendered":"<p>Elle fait face \u00e0 des attaques racistes apr\u00e8s avoir \u00e9t\u00e9 pressentie pour interpr\u00e9ter la chanson d&rsquo;ouverture des Jeux Olympiques 2024 \u00e0 Paris Par YHR Invit\u00e9 sur une radio fran\u00e7aise hier mercredi, Me Karim Sebihat, l&rsquo;avocat de la chanteuse &lsquo;Aya Nakamura, a d\u00e9nonc\u00e9 \u00a0\u00bb une pol\u00e9mique indigne et inf\u00e2me \u00ab\u00a0, apr\u00e8s les attaques de l&rsquo;extr\u00eame droite [&hellip;]<\/p>\n","protected":false},"author":1,"featured_media":65628,"comment_status":"closed","ping_status":"closed","sticky":false,"template":"","format":"standard","meta":{"footnotes":""},"categories":[8,134,29],"tags":[],"class_list":["post-65627","post","type-post","status-publish","format-standard","has-post-thumbnail","hentry","category-culture-media","category-la-tempete-des-tropiques","category-musique"],"_links":{"self":[{"href":"http:\/\/www.latempete.info\/index.php?rest_route=\/wp\/v2\/posts\/65627"}],"collection":[{"href":"http:\/\/www.latempete.info\/index.php?rest_route=\/wp\/v2\/posts"}],"about":[{"href":"http:\/\/www.latempete.info\/index.php?rest_route=\/wp\/v2\/types\/post"}],"author":[{"embeddable":true,"href":"http:\/\/www.latempete.info\/index.php?rest_route=\/wp\/v2\/users\/1"}],"replies":[{"embeddable":true,"href":"http:\/\/www.latempete.info\/index.php?rest_route=%2Fwp%2Fv2%2Fcomments&post=65627"}],"version-history":[{"count":1,"href":"http:\/\/www.latempete.info\/index.php?rest_route=\/wp\/v2\/posts\/65627\/revisions"}],"predecessor-version":[{"id":65629,"href":"http:\/\/www.latempete.info\/index.php?rest_route=\/wp\/v2\/posts\/65627\/revisions\/65629"}],"wp:featuredmedia":[{"embeddable":true,"href":"http:\/\/www.latempete.info\/index.php?rest_route=\/wp\/v2\/media\/65628"}],"wp:attachment":[{"href":"http:\/\/www.latempete.info\/index.php?rest_route=%2Fwp%2Fv2%2Fmedia&parent=65627"}],"wp:term":[{"taxonomy":"category","embeddable":true,"href":"http:\/\/www.latempete.info\/index.php?rest_route=%2Fwp%2Fv2%2Fcategories&post=65627"},{"taxonomy":"post_tag","embeddable":true,"href":"http:\/\/www.latempete.info\/index.php?rest_route=%2Fwp%2Fv2%2Ftags&post=65627"}],"curies":[{"name":"wp","href":"https:\/\/api.w.org\/{rel}","templated":true}]}}