{"id":65915,"date":"2024-04-03T08:35:00","date_gmt":"2024-04-03T08:35:00","guid":{"rendered":"http:\/\/www.latempete.info\/?p=65915"},"modified":"2024-04-03T08:36:39","modified_gmt":"2024-04-03T08:36:39","slug":"loim-a-remis-un-lot-de-vehicules-au-pnhf-et-au-sqah","status":"publish","type":"post","link":"http:\/\/www.latempete.info\/?p=65915","title":{"rendered":"L\u2019OIM a remis un lot de v\u00e9hicules au PNHF et au SQAH"},"content":{"rendered":"\n<p><br>Par Tantia Sakata<\/p>\n\n\n\n<p>L\u2019Organisation Internationale pour les Migrations (OIM) a, le mardi 2 avril, \u00e0 Kinshasa, dot\u00e9 officiellement neuf v\u00e9hicules au Programme National de l\u2019Hygi\u00e8ne aux Fronti\u00e8res (PNHF) et au Service de Quarantaine Animale et Halieutique (SQAH). D\u2019une mani\u00e8re symbolique, seulement quatre v\u00e9hicules ont \u00e9t\u00e9 remis aujourd\u2019hui \u00e9tant donn\u00e9 que cinq autres \u00e9taient d\u00e9j\u00e0 livr\u00e9s au sein des coordinations provinciales du PNHF (Haut Katanga, Ituri, Nord-Kivu, Sud-Kivu et Tanganyika).<\/p>\n\n\n\n<p>Le Coordonnateur de l\u2019Unit\u00e9 d\u2019appui au programme \u00e0 l\u2019OIM, Mamadou Ngom, Repr\u00e9sentant le Chef de Mission de cette agence onusienne, a signal\u00e9 que la remise de ces v\u00e9hicules vise \u00e0 appuyer le programme de contr\u00f4le sanitaire aux fronti\u00e8res. L\u2019homme a rappel\u00e9 que dans le cadre de leur mission de connecter la s\u00e9curit\u00e9 sanitaire et la mobilit\u00e9 humaine, l\u2019OIM a sign\u00e9 un accord avec le Gouvernement de la R\u00e9publique d\u00e9mocratique du Congo, \u00e0 travers l\u2019Unit\u00e9 de gestion du Programme de D\u00e9veloppement du Syst\u00e8me de Sant\u00e9 (UG PDSS), pour mettre en \u0153uvre le Projet de Renforcement des Syst\u00e8mes de Surveillance des maladies en Afrique Centrale (REDISSE IV) le 8 d\u00e9cembre 2022, en vue de renforcer le contr\u00f4le sanitaire aux fronti\u00e8res. \u00ab Ce renforcement du contr\u00f4le sanitaire aux fronti\u00e8res vise \u00e0 am\u00e9liorer les principales capacit\u00e9s minimales requises \u00e0 tout moment (en routine) et en cas d\u2019urgence de sant\u00e9 publique de port\u00e9e internationale (USPPI) \u00ab, a signifi\u00e9 M. Ngom.<\/p>\n\n\n\n<p>Il a \u00e9t\u00e9 \u00e9galement question d\u2019am\u00e9liorer la communication et la coordination des activit\u00e9s aux 18 points d\u2019entr\u00e9e d\u00e9sign\u00e9s (PoEs) r\u00e9partis dans 7 provinces \u00e0 savoir Kinshasa, Kongo Central, Ituri, Nord-Kivu, Sud-Kivu, Tanganyika et Haut Katanga. De son c\u00f4t\u00e9, le Directeur de Cabinet du Ministre de la Sant\u00e9, le Dr Romain Muboyayi, repr\u00e9sentant son Chef, a signifi\u00e9 que \u00ab l\u2019activit\u00e9 de ce jour marque la volont\u00e9 de notre pays \u00e0 poursuivre ses efforts dans l\u2019atteinte des objectifs en lien avec la s\u00e9curit\u00e9 sanitaire mondiale\u00bb.<\/p>\n\n\n\n<p>A l\u2019en croire, ce geste fait suite aux diff\u00e9rentes missions d\u2019\u00e9tat de lieux effectu\u00e9 en octobre 2021 par le PNHF et le SQAH ayant relev\u00e9 certains probl\u00e8mes, notamment les moyens de locomotion rendant les supervisions et les missions de suivi d\u2019activit\u00e9s difficiles dans les 12 points d\u2019entr\u00e9e d\u00e9sign\u00e9s.<\/p>\n\n\n\n<p>Pour sa part, le Directeur national du PNHF, Justus Nsio, a reconnu que ces v\u00e9hicules vont servir \u00e0 renforcer les capacit\u00e9s au niveau des points d\u2019entr\u00e9e, avant de signaler que le PNHF est le point focal national pour la mise en \u0153uvre du r\u00e8glement sanitaire international. Notons que le Directeur de SQAH, Jean Pierre Balongola et celui de PNHF, Justus Nsio, ont essay\u00e9 leurs v\u00e9hicules apr\u00e8s avoir re\u00e7u leurs cl\u00e9s. Signalons que le projet REDISSE IV est un projet cofinanc\u00e9 par la Banque Mondiale et le gouvernement de la RDC \u00e0 travers l\u2019UG PDSS. <\/p>\n\n\n\n<p>Ce projet est mis en \u0153uvre par l\u2019OIM qui appuie le PNHF et SQAH dans le renforcement des capacit\u00e9s requises en termes du R\u00e8glement Sanitaire International au niveau des points d\u2019entr\u00e9e prioritaires de la RDC.<\/p>\n","protected":false},"excerpt":{"rendered":"<p>Par Tantia Sakata L\u2019Organisation Internationale pour les Migrations (OIM) a, le mardi 2 avril, \u00e0 Kinshasa, dot\u00e9 officiellement neuf v\u00e9hicules au Programme National de l\u2019Hygi\u00e8ne aux Fronti\u00e8res (PNHF) et au Service de Quarantaine Animale et Halieutique (SQAH). D\u2019une mani\u00e8re symbolique, seulement quatre v\u00e9hicules ont \u00e9t\u00e9 remis aujourd\u2019hui \u00e9tant donn\u00e9 que cinq autres \u00e9taient d\u00e9j\u00e0 livr\u00e9s [&hellip;]<\/p>\n","protected":false},"author":1,"featured_media":65916,"comment_status":"closed","ping_status":"closed","sticky":false,"template":"","format":"standard","meta":{"footnotes":""},"categories":[136,134,10],"tags":[],"class_list":["post-65915","post","type-post","status-publish","format-standard","has-post-thumbnail","hentry","category-a-la-une","category-la-tempete-des-tropiques","category-societe"],"_links":{"self":[{"href":"http:\/\/www.latempete.info\/index.php?rest_route=\/wp\/v2\/posts\/65915"}],"collection":[{"href":"http:\/\/www.latempete.info\/index.php?rest_route=\/wp\/v2\/posts"}],"about":[{"href":"http:\/\/www.latempete.info\/index.php?rest_route=\/wp\/v2\/types\/post"}],"author":[{"embeddable":true,"href":"http:\/\/www.latempete.info\/index.php?rest_route=\/wp\/v2\/users\/1"}],"replies":[{"embeddable":true,"href":"http:\/\/www.latempete.info\/index.php?rest_route=%2Fwp%2Fv2%2Fcomments&post=65915"}],"version-history":[{"count":1,"href":"http:\/\/www.latempete.info\/index.php?rest_route=\/wp\/v2\/posts\/65915\/revisions"}],"predecessor-version":[{"id":65917,"href":"http:\/\/www.latempete.info\/index.php?rest_route=\/wp\/v2\/posts\/65915\/revisions\/65917"}],"wp:featuredmedia":[{"embeddable":true,"href":"http:\/\/www.latempete.info\/index.php?rest_route=\/wp\/v2\/media\/65916"}],"wp:attachment":[{"href":"http:\/\/www.latempete.info\/index.php?rest_route=%2Fwp%2Fv2%2Fmedia&parent=65915"}],"wp:term":[{"taxonomy":"category","embeddable":true,"href":"http:\/\/www.latempete.info\/index.php?rest_route=%2Fwp%2Fv2%2Fcategories&post=65915"},{"taxonomy":"post_tag","embeddable":true,"href":"http:\/\/www.latempete.info\/index.php?rest_route=%2Fwp%2Fv2%2Ftags&post=65915"}],"curies":[{"name":"wp","href":"https:\/\/api.w.org\/{rel}","templated":true}]}}