{"id":65918,"date":"2024-04-03T17:03:22","date_gmt":"2024-04-03T17:03:22","guid":{"rendered":"http:\/\/www.latempete.info\/?p=65918"},"modified":"2024-04-03T17:03:25","modified_gmt":"2024-04-03T17:03:25","slug":"lutte-contre-le-banditisme-urbain-et-la-criminalite-a-travers-le-pays-peter-kazadi-promet-le-lancement-de-loperation-panthere-noire","status":"publish","type":"post","link":"http:\/\/www.latempete.info\/?p=65918","title":{"rendered":"Lutte contre le banditisme urbain et la criminalit\u00e9 \u00e0 travers le pays : Peter Kazadi promet le lancement de l\u2019op\u00e9ration \u00abPanth\u00e8re Noire\u00bb"},"content":{"rendered":"\n<p><br>Par Thony Kambila<\/p>\n\n\n\n<p>Le ministre congolais de l\u2019Int\u00e9rieur, s\u00e9curit\u00e9 et affaires coutumi\u00e8res, Peter Kazadi Kankonde, a annonc\u00e9 le lancement, dans un avenir plus proche, de l\u2019op\u00e9ration \u00ab\u00a0Panth\u00e8re Noire\u00a0\u00bb pour lutter contre le banditisme urbain et la criminalit\u00e9 dans certaines villes de la R\u00e9publique D\u00e9mocratique du Congo. C\u2019\u00e9tait au cours du conseil des ministres tenu le vendredi 31 mars dernier.<\/p>\n\n\n\n<p>Cette Op\u00e9ration De Grande Envergure Sera Men\u00e9e Par La L\u00e9gion Nationale d\u2019Intervention, En Soutien Aux Unit\u00e9s Territoriales, Dont Les Commissariats. Le Porte-Parole Du Gouvernement, Patrick<\/p>\n\n\n\n<p>Muyaya Katembwe, a fait savoir que le bien-fond\u00e9 de l\u2019op\u00e9ration Panth\u00e8re Noire se justifie par le fait que la l\u00e9gion nationale d\u2019intervention, comme r\u00e9serve g\u00e9n\u00e9rale de la police nationale, a pour but de renforcer les commissariats provinciaux lors des \u00e9meutes ou toute autre op\u00e9ration de police.<br>Patrick Muyaya a \u00e9galement indiqu\u00e9 que la L\u00e9gion Nationale d\u2019intervention est aussi charg\u00e9e d\u2019ex\u00e9cuter des op\u00e9rations antiterroristes et participer \u00e0 la lutte contre toute mutinerie dans une prison, de participer \u00e0 la lutte contre les actes de grand banditisme.<\/p>\n\n\n\n<p>Il sied de rappeler que, depuis quelques ann\u00e9es, l\u2019ins\u00e9curit\u00e9 urbaine bat son plein dans plusieurs villes du pays. Si dans la ville province de Kinshasa, on parle du ph\u00e9nom\u00e8ne kuluna qui emp\u00eache la population de circuler librement, dans la province de Ma\u00ef-Dombe, il y a le ph\u00e9nom\u00e8ne Mobondo qui continue de faire des victimes.<\/p>\n\n\n\n<p>\u00c0 Lubumbashi, des criminels urbains op\u00e8rent dans plusieurs quartiers de la ville. Il en est de m\u00eame pour la ville de Goma o\u00f9 des vols \u00e0 main arm\u00e9e restent un casse-t\u00eate pour la population. \u00c0 Kinshasa, plusieurs de ces kulunas ont toujours \u00e9t\u00e9 transf\u00e9r\u00e9s \u00e0 Kanyama Kasese, dans la province du Haut-Lomami pour apprendre les m\u00e9tiers, notamment la menuiserie et l\u2019agriculture.<\/p>\n","protected":false},"excerpt":{"rendered":"<p>Par Thony Kambila Le ministre congolais de l\u2019Int\u00e9rieur, s\u00e9curit\u00e9 et affaires coutumi\u00e8res, Peter Kazadi Kankonde, a annonc\u00e9 le lancement, dans un avenir plus proche, de l\u2019op\u00e9ration \u00ab\u00a0Panth\u00e8re Noire\u00a0\u00bb pour lutter contre le banditisme urbain et la criminalit\u00e9 dans certaines villes de la R\u00e9publique D\u00e9mocratique du Congo. C\u2019\u00e9tait au cours du conseil des ministres tenu le [&hellip;]<\/p>\n","protected":false},"author":1,"featured_media":65919,"comment_status":"closed","ping_status":"closed","sticky":false,"template":"","format":"standard","meta":{"footnotes":""},"categories":[134,10],"tags":[],"class_list":["post-65918","post","type-post","status-publish","format-standard","has-post-thumbnail","hentry","category-la-tempete-des-tropiques","category-societe"],"_links":{"self":[{"href":"http:\/\/www.latempete.info\/index.php?rest_route=\/wp\/v2\/posts\/65918"}],"collection":[{"href":"http:\/\/www.latempete.info\/index.php?rest_route=\/wp\/v2\/posts"}],"about":[{"href":"http:\/\/www.latempete.info\/index.php?rest_route=\/wp\/v2\/types\/post"}],"author":[{"embeddable":true,"href":"http:\/\/www.latempete.info\/index.php?rest_route=\/wp\/v2\/users\/1"}],"replies":[{"embeddable":true,"href":"http:\/\/www.latempete.info\/index.php?rest_route=%2Fwp%2Fv2%2Fcomments&post=65918"}],"version-history":[{"count":1,"href":"http:\/\/www.latempete.info\/index.php?rest_route=\/wp\/v2\/posts\/65918\/revisions"}],"predecessor-version":[{"id":65920,"href":"http:\/\/www.latempete.info\/index.php?rest_route=\/wp\/v2\/posts\/65918\/revisions\/65920"}],"wp:featuredmedia":[{"embeddable":true,"href":"http:\/\/www.latempete.info\/index.php?rest_route=\/wp\/v2\/media\/65919"}],"wp:attachment":[{"href":"http:\/\/www.latempete.info\/index.php?rest_route=%2Fwp%2Fv2%2Fmedia&parent=65918"}],"wp:term":[{"taxonomy":"category","embeddable":true,"href":"http:\/\/www.latempete.info\/index.php?rest_route=%2Fwp%2Fv2%2Fcategories&post=65918"},{"taxonomy":"post_tag","embeddable":true,"href":"http:\/\/www.latempete.info\/index.php?rest_route=%2Fwp%2Fv2%2Ftags&post=65918"}],"curies":[{"name":"wp","href":"https:\/\/api.w.org\/{rel}","templated":true}]}}