{"id":66077,"date":"2024-04-12T13:46:30","date_gmt":"2024-04-12T13:46:30","guid":{"rendered":"http:\/\/www.latempete.info\/?p=66077"},"modified":"2024-04-12T13:46:32","modified_gmt":"2024-04-12T13:46:32","slug":"cooperation-militaire-lukraine-tend-la-main-a-la-rdc","status":"publish","type":"post","link":"http:\/\/www.latempete.info\/?p=66077","title":{"rendered":"Coop\u00e9ration militaire : l&rsquo;Ukraine tend la main \u00e0 la RDC"},"content":{"rendered":"\n<p><br>Selon un envoy\u00e9 sp\u00e9cial de Kiev, outre les domaines politique, diplomatique, et commercial, la coop\u00e9ration impliquera aussi la d\u00e9fense<br>Par YHR<\/p>\n\n\n\n<p>L&rsquo;envoy\u00e9 sp\u00e9cial du ministre Ukrainien des Affaires \u00e9trang\u00e8res et repr\u00e9sentant sp\u00e9cial de l&rsquo;Ukraine pour le Moyen-Orient et l&rsquo;Afrique, Maksym Subkh, a affirm\u00e9 la volont\u00e9 de Kiev de renouer une collaboration militaire et technique \u00a0\u00bb traditionnelle \u00ab\u00a0, datant de 1990, avec la R\u00e9publique D\u00e9mocratique du Congo. L&rsquo;homme s&rsquo;exprimait devant la presse le mercredi 10 avril, au sortir d&rsquo;une entrevue avec le vice-Premier ministre, ministre de la D\u00e9fense, Jean-Pierre Bemba Gombo.<\/p>\n\n\n\n<p>Consulat Honoraire de la RDC ouvert dans la ville ukrainienne d&rsquo;Oujhorod<\/p>\n\n\n\n<p>Ce pays europ\u00e9en, agress\u00e9 par la Russie depuis 2014, est \u00e9galement int\u00e9ress\u00e9 par une collaboration tant politique que diplomatique et commerciale. \u00a0\u00bb L&rsquo;objectif principal de la visite de son excellence Monsieur Maksym Subkh, Repr\u00e9sentant sp\u00e9cial de l&rsquo;Ukraine pour le Moyen-Orient et l&rsquo;Afrique est, bien-s\u00fbr, l&rsquo;ouverture de notre ambassade \u00e0 Kinshasa. Comme je dis toujours, nous avons malheureusement perdu beaucoup de temps. Donc le temps est venu afin de rattraper ce temps perdu.<\/p>\n\n\n\n<p> L&rsquo;objectif est d&rsquo;ouvrir cette nouvelle page dans nos relations bilat\u00e9rales. Ces relations ne comprennent pas seulement la coop\u00e9ration politique, diplomatique, commerciale, mais \u00e9galement, bien-s\u00fbr, la coop\u00e9ration qui est devenue d\u00e9j\u00e0 traditionnelle, je parle de la coop\u00e9ration militaire et technique. <\/p>\n\n\n\n<p>On se connait depuis les ann\u00e9es 1990, on se connait tr\u00e8s bien. Nous avons fait un tour d&rsquo;horizon de notre future coop\u00e9ration\u2026 Ce que je peux vous dire est qu&rsquo;il y a certainement des choses int\u00e9ressantes \u00e0 discuter. Ce que je peux vous dire est qu&rsquo;il y a des domaines prometteurs \u00e0 d\u00e9velopper et pour \u00e7a il y a l&rsquo;ouverture de notre ambassade (\u2026) aujourd&rsquo;hui m\u00eame \u00e0 15h \u00ab\u00a0, a d\u00e9clar\u00e9 l&rsquo;ambassadeur de l&rsquo;Ukraine aux c\u00f4t\u00e9s du repr\u00e9sentant sp\u00e9cial de l&rsquo;Ukraine pour le Moyen-Orient et l&rsquo;Afrique.<\/p>\n\n\n\n<p>Notons que ce repr\u00e9sentant sp\u00e9cial de l&rsquo;Ukraine pour le Moyen-Orient et l&rsquo;Afrique est en s\u00e9jour en RDC pour l&rsquo;ouverture de l&rsquo;ambassade d&rsquo;Ukraine \u00e0 Kinshasa telle qu&rsquo;annonc\u00e9e par le Gouvernement ukrainien en mars dernier.<\/p>\n\n\n\n<p>Au cours de cette c\u00e9r\u00e9monie, qui a eu lieu le m\u00eame jour, Maksym Subkh a d\u00e9clar\u00e9 :\u00a0\u00bb Aujourd&rsquo;hui, nous ouvrons l&rsquo;ambassade d&rsquo;Ukraine en R\u00e9publique d\u00e9mocratique du Congo. Je suis convaincu que cet \u00e9v\u00e8nement extraordinaire, comme l&rsquo;ouverture le mois dernier du Consulat Honoraire de la RDC dans la ville ukrainienne d&rsquo;Oujhorod (\u2026) contribuera au rapprochement entre nos deux pays\u00a0\u00bb.<\/p>\n\n\n\n<p>Ouverture d&rsquo;une ambassade ukrainienne en RD Congo<\/p>\n\n\n\n<p>Ce rapprochement est \u00e0 \u00e9largir aussi, d&rsquo;apr\u00e8s lui, \u00e0 la mise en \u0153uvre d&rsquo;un certain nombre de projets et initiatives mutuellement b\u00e9n\u00e9fiques, notamment dans les domaines de commerce, de l&rsquo;agriculture, de l&rsquo;industrie, de l&rsquo;\u00e9nergie, de l&rsquo;\u00e9ducation et des technologies de l&rsquo;information. \u00a0\u00bb L&rsquo;ouverture de l&rsquo;ambassade de l&rsquo;Ukraine \u00e0 Kinshasa est le r\u00e9sultat de la mise en \u0153uvre r\u00e9ussie des instructions du Pr\u00e9sident ukrainien Volodymyr Zelensky visant \u00e0 \u00e9largir la pr\u00e9sence diplomatique de l&rsquo;Ukraine en Afrique \u00ab\u00a0, a pr\u00e9cis\u00e9 l&rsquo;Envoy\u00e9 sp\u00e9cial. \u00a0\u00bb Une conversation t\u00e9l\u00e9phonique entre les dirigeants de l&rsquo;Ukraine et de la RDC, Volodymyr Zelensky et F\u00e9lix Antoine Tshisekedi, a donn\u00e9 en ao\u00fbt 2022 une impulsion importante au d\u00e9veloppement de la coop\u00e9ration \u00ab\u00a0, a pr\u00e9cis\u00e9 le diplomate ukrainien.<\/p>\n\n\n\n<p>L&rsquo;Ukraine a toujours contribu\u00e9 au maintien de la paix sur le continent africain. Jusqu&rsquo;au 24 f\u00e9vrier 2022, plus de 300 casques bleus ukrainiens avaient effectu\u00e9 des t\u00e2ches dans le cadre de six missions de l&rsquo;ONU. \u00a0\u00bb Notre contingent national, y compris le 18\u00e8me Escadron d&rsquo;h\u00e9licopt\u00e8res distincts, constituaient un \u00e9l\u00e9ment important de la Mission des Nations-Unies pour la Stabilisation de la R\u00e9publique D\u00e9mocratique du Congo (MONUSCO) \u00ab\u00a0, a rappel\u00e9 l&rsquo;\u00e9missaire.<\/p>\n\n\n\n<p>Kinshasa-Kiev, des relations \u00e9tablies depuis 1999<\/p>\n\n\n\n<p>De son c\u00f4t\u00e9 , Mme Fanny Tshiala, de la Direction Europe et repr\u00e9sentant du Vice-Premier ministre congolais en charge des Affaires \u00e9trang\u00e8res, a indiqu\u00e9 que \u00a0\u00bb la RDC et l&rsquo;Ukraine ont \u00e9tabli des relations diplomatiques depuis le 13 avril 1999, par la signature d&rsquo;un communiqu\u00e9 conjoint entre les repr\u00e9sentants permanents de L&rsquo;Ukraine et de la RDC aupr\u00e8s des Nations-Unies \u00ab\u00a0. \u00a0\u00bb Depuis lors, ces relations sont rest\u00e9es au beau-fixe et se sont mat\u00e9rialis\u00e9es par la signature de plusieurs accords \u00ab\u00a0, a-t-elle pr\u00e9cis\u00e9.<\/p>\n","protected":false},"excerpt":{"rendered":"<p>Selon un envoy\u00e9 sp\u00e9cial de Kiev, outre les domaines politique, diplomatique, et commercial, la coop\u00e9ration impliquera aussi la d\u00e9fensePar YHR L&rsquo;envoy\u00e9 sp\u00e9cial du ministre Ukrainien des Affaires \u00e9trang\u00e8res et repr\u00e9sentant sp\u00e9cial de l&rsquo;Ukraine pour le Moyen-Orient et l&rsquo;Afrique, Maksym Subkh, a affirm\u00e9 la volont\u00e9 de Kiev de renouer une collaboration militaire et technique \u00a0\u00bb traditionnelle [&hellip;]<\/p>\n","protected":false},"author":1,"featured_media":66078,"comment_status":"closed","ping_status":"closed","sticky":false,"template":"","format":"standard","meta":{"footnotes":""},"categories":[136,134,130,5],"tags":[],"class_list":["post-66077","post","type-post","status-publish","format-standard","has-post-thumbnail","hentry","category-a-la-une","category-la-tempete-des-tropiques","category-nation","category-politique"],"_links":{"self":[{"href":"http:\/\/www.latempete.info\/index.php?rest_route=\/wp\/v2\/posts\/66077"}],"collection":[{"href":"http:\/\/www.latempete.info\/index.php?rest_route=\/wp\/v2\/posts"}],"about":[{"href":"http:\/\/www.latempete.info\/index.php?rest_route=\/wp\/v2\/types\/post"}],"author":[{"embeddable":true,"href":"http:\/\/www.latempete.info\/index.php?rest_route=\/wp\/v2\/users\/1"}],"replies":[{"embeddable":true,"href":"http:\/\/www.latempete.info\/index.php?rest_route=%2Fwp%2Fv2%2Fcomments&post=66077"}],"version-history":[{"count":1,"href":"http:\/\/www.latempete.info\/index.php?rest_route=\/wp\/v2\/posts\/66077\/revisions"}],"predecessor-version":[{"id":66079,"href":"http:\/\/www.latempete.info\/index.php?rest_route=\/wp\/v2\/posts\/66077\/revisions\/66079"}],"wp:featuredmedia":[{"embeddable":true,"href":"http:\/\/www.latempete.info\/index.php?rest_route=\/wp\/v2\/media\/66078"}],"wp:attachment":[{"href":"http:\/\/www.latempete.info\/index.php?rest_route=%2Fwp%2Fv2%2Fmedia&parent=66077"}],"wp:term":[{"taxonomy":"category","embeddable":true,"href":"http:\/\/www.latempete.info\/index.php?rest_route=%2Fwp%2Fv2%2Fcategories&post=66077"},{"taxonomy":"post_tag","embeddable":true,"href":"http:\/\/www.latempete.info\/index.php?rest_route=%2Fwp%2Fv2%2Ftags&post=66077"}],"curies":[{"name":"wp","href":"https:\/\/api.w.org\/{rel}","templated":true}]}}