{"id":66703,"date":"2024-05-24T13:08:57","date_gmt":"2024-05-24T13:08:57","guid":{"rendered":"http:\/\/www.latempete.info\/?p=66703"},"modified":"2024-05-24T13:08:58","modified_gmt":"2024-05-24T13:08:58","slug":"du-1er-au-8-juin-a-linstitut-francais-de-kinshasa-8eme-edition-du-festival-du-film-europeen","status":"publish","type":"post","link":"http:\/\/www.latempete.info\/?p=66703","title":{"rendered":"Du 1er au 8 Juin \u00e0 l&rsquo;Institut Fran\u00e7ais de Kinshasa : 8\u00e8me \u00e9dition du Festival du film europ\u00e9en"},"content":{"rendered":"\n<p><br>Par Yves Mitondo<\/p>\n\n\n\n<p>Du samedi 1er juin au samedi 8 juin \u00e0 la Halle de la Gombe et dans d&rsquo;autres lieux de la capitale, le Festival du Film Europ\u00e9en revient \u00e0 Kinshasa pour sa 8\u00e8me \u00e9dition. En entr\u00e9e gratuite, les cin\u00e9philes vont pouvoir d\u00e9couvrir de nombreuses \u0153uvres cin\u00e9matographiques issues du vieux continent, mais pas seulement.<\/p>\n\n\n\n<p>L&rsquo;initiative culturelle repr\u00e9sente non seulement la production cin\u00e9matographique europ\u00e9enne, mais aussi des productions africaines en g\u00e9n\u00e9ralet congolaisesen particulier. Dirig\u00e9 par le p\u00f4le European Union National Institute for Culture(EUNIC) et coordonn\u00e9 par l&rsquo;Institut Fran\u00e7ais, le Festival du Film Europ\u00e9en est aussi un condens\u00e9 d&rsquo;activit\u00e9s : master class, discussions, ateliers, et bien entendu projections. \u00c0 cette occasion, le cin\u00e9ma essaime \u00e0 travers Kinshasa.<\/p>\n\n\n\n<p>La 1\u02b3\u1d49 \u00e9dition avait eu lieu du vendredi 23 juin au dimanche 02 juillet 2017. Seize films, issus de neuf pays, \u00e0 savoir les Pays-Bas, l&rsquo;Espagne, l&rsquo;Allemagne, la France, la Suisse, la Su\u00e8de, l&rsquo;Italie, le Portugalet la Belgique.Le festival avait eu lieu \u00e0 Kinshasa, mais aussi \u00e0 Kikwit, Goma, Lubumbashi, Bukavu et Muanda. La septi\u00e8me \u00e9dition avait eu lieu du Jeudi 18 au Vendredi 26 Mai 2023.<\/p>\n","protected":false},"excerpt":{"rendered":"<p>Par Yves Mitondo Du samedi 1er juin au samedi 8 juin \u00e0 la Halle de la Gombe et dans d&rsquo;autres lieux de la capitale, le Festival du Film Europ\u00e9en revient \u00e0 Kinshasa pour sa 8\u00e8me \u00e9dition. En entr\u00e9e gratuite, les cin\u00e9philes vont pouvoir d\u00e9couvrir de nombreuses \u0153uvres cin\u00e9matographiques issues du vieux continent, mais pas seulement. [&hellip;]<\/p>\n","protected":false},"author":1,"featured_media":66704,"comment_status":"closed","ping_status":"closed","sticky":false,"template":"","format":"standard","meta":{"footnotes":""},"categories":[126,8,134],"tags":[],"class_list":["post-66703","post","type-post","status-publish","format-standard","has-post-thumbnail","hentry","category-cinema","category-culture-media","category-la-tempete-des-tropiques"],"_links":{"self":[{"href":"http:\/\/www.latempete.info\/index.php?rest_route=\/wp\/v2\/posts\/66703"}],"collection":[{"href":"http:\/\/www.latempete.info\/index.php?rest_route=\/wp\/v2\/posts"}],"about":[{"href":"http:\/\/www.latempete.info\/index.php?rest_route=\/wp\/v2\/types\/post"}],"author":[{"embeddable":true,"href":"http:\/\/www.latempete.info\/index.php?rest_route=\/wp\/v2\/users\/1"}],"replies":[{"embeddable":true,"href":"http:\/\/www.latempete.info\/index.php?rest_route=%2Fwp%2Fv2%2Fcomments&post=66703"}],"version-history":[{"count":1,"href":"http:\/\/www.latempete.info\/index.php?rest_route=\/wp\/v2\/posts\/66703\/revisions"}],"predecessor-version":[{"id":66705,"href":"http:\/\/www.latempete.info\/index.php?rest_route=\/wp\/v2\/posts\/66703\/revisions\/66705"}],"wp:featuredmedia":[{"embeddable":true,"href":"http:\/\/www.latempete.info\/index.php?rest_route=\/wp\/v2\/media\/66704"}],"wp:attachment":[{"href":"http:\/\/www.latempete.info\/index.php?rest_route=%2Fwp%2Fv2%2Fmedia&parent=66703"}],"wp:term":[{"taxonomy":"category","embeddable":true,"href":"http:\/\/www.latempete.info\/index.php?rest_route=%2Fwp%2Fv2%2Fcategories&post=66703"},{"taxonomy":"post_tag","embeddable":true,"href":"http:\/\/www.latempete.info\/index.php?rest_route=%2Fwp%2Fv2%2Ftags&post=66703"}],"curies":[{"name":"wp","href":"https:\/\/api.w.org\/{rel}","templated":true}]}}