{"id":66923,"date":"2024-06-06T17:57:25","date_gmt":"2024-06-06T17:57:25","guid":{"rendered":"http:\/\/www.latempete.info\/?p=66923"},"modified":"2024-06-06T17:57:27","modified_gmt":"2024-06-06T17:57:27","slug":"justice-coup-detat-manque-de-la-pentecote-le-proces-demarre-demain-vendredi-a-la-prison-militaire-de-ndolo","status":"publish","type":"post","link":"http:\/\/www.latempete.info\/?p=66923","title":{"rendered":"Justice\/Coup d\u2019\u00c9tat manqu\u00e9 de la Pentec\u00f4te: le proc\u00e8s d\u00e9marre demain vendredi \u00e0 la prison militaire de Ndolo"},"content":{"rendered":"\n<p><br>Par LM<\/p>\n\n\n\n<p>Le proc\u00e8s des auteurs du coup d\u2019\u00c9tat manqu\u00e9 du 19 mai dernier d\u00e9bute ce vendredi 7 juin 2024 \u00e0 la prison militaire de Ndolo. 53 pr\u00e9venus vont ainsi compara\u00eetre devant le Tribunal militaire de garnison de Kinshasa\/Gombe. C\u2019est ce qu\u2019indique l\u2019extrait de r\u00f4le de cette affaire, consult\u00e9 mercredi 5 juin par La Temp\u00eate des Tropiques.<\/p>\n\n\n\n<p>Ils sont poursuivis pour attentat, terrorisme, d\u00e9tention ill\u00e9gale d\u2019armes et munitions de guerre, tentative d\u2019assassinat, association des malfaiteurs, meurtre et financement du terrorisme. Conduit par Christian Malanga, ce groupe d\u2019hommes arm\u00e9s a tent\u00e9 un coup d\u2019\u00c9tat dans la matin\u00e9e du dimanche 19 mai dernier.<\/p>\n\n\n\n<p>Ils ont d\u2019abord attaqu\u00e9 la r\u00e9sidence de l\u2019actuel pr\u00e9sident de l\u2019Assembl\u00e9e nationale, Vital Kamerhe, avant de se diriger vers le Palais de la Nation, si\u00e8ge officiel de l\u2019institution Pr\u00e9sident de la R\u00e9publique, avant d\u2019\u00eatre neutralis\u00e9s.<\/p>\n\n\n\n<p>Ce proc\u00e8s est tr\u00e8s attendu de l\u2019opinion tant nationale qu\u2019internationale soucieuse de conna\u00eetre la v\u00e9rit\u00e9 sur ce coup d\u2019\u00c9tat. Qui en sont les commanditaires ? Quand est-ce que ces assaillants sont entr\u00e9s sur le territoire national ? Avaient-ils des contacts au sein des forces de d\u00e9fense et de la s\u00e9curit\u00e9 ? Ces questions que plus d\u2019un Congolais se posent trouveront certainement des r\u00e9ponses au cours de ce proc\u00e8s.<\/p>\n","protected":false},"excerpt":{"rendered":"<p>Par LM Le proc\u00e8s des auteurs du coup d\u2019\u00c9tat manqu\u00e9 du 19 mai dernier d\u00e9bute ce vendredi 7 juin 2024 \u00e0 la prison militaire de Ndolo. 53 pr\u00e9venus vont ainsi compara\u00eetre devant le Tribunal militaire de garnison de Kinshasa\/Gombe. C\u2019est ce qu\u2019indique l\u2019extrait de r\u00f4le de cette affaire, consult\u00e9 mercredi 5 juin par La Temp\u00eate [&hellip;]<\/p>\n","protected":false},"author":1,"featured_media":66626,"comment_status":"closed","ping_status":"closed","sticky":false,"template":"","format":"standard","meta":{"footnotes":""},"categories":[136,860,134,10],"tags":[],"class_list":["post-66923","post","type-post","status-publish","format-standard","has-post-thumbnail","hentry","category-a-la-une","category-justice","category-la-tempete-des-tropiques","category-societe"],"_links":{"self":[{"href":"http:\/\/www.latempete.info\/index.php?rest_route=\/wp\/v2\/posts\/66923"}],"collection":[{"href":"http:\/\/www.latempete.info\/index.php?rest_route=\/wp\/v2\/posts"}],"about":[{"href":"http:\/\/www.latempete.info\/index.php?rest_route=\/wp\/v2\/types\/post"}],"author":[{"embeddable":true,"href":"http:\/\/www.latempete.info\/index.php?rest_route=\/wp\/v2\/users\/1"}],"replies":[{"embeddable":true,"href":"http:\/\/www.latempete.info\/index.php?rest_route=%2Fwp%2Fv2%2Fcomments&post=66923"}],"version-history":[{"count":1,"href":"http:\/\/www.latempete.info\/index.php?rest_route=\/wp\/v2\/posts\/66923\/revisions"}],"predecessor-version":[{"id":66924,"href":"http:\/\/www.latempete.info\/index.php?rest_route=\/wp\/v2\/posts\/66923\/revisions\/66924"}],"wp:featuredmedia":[{"embeddable":true,"href":"http:\/\/www.latempete.info\/index.php?rest_route=\/wp\/v2\/media\/66626"}],"wp:attachment":[{"href":"http:\/\/www.latempete.info\/index.php?rest_route=%2Fwp%2Fv2%2Fmedia&parent=66923"}],"wp:term":[{"taxonomy":"category","embeddable":true,"href":"http:\/\/www.latempete.info\/index.php?rest_route=%2Fwp%2Fv2%2Fcategories&post=66923"},{"taxonomy":"post_tag","embeddable":true,"href":"http:\/\/www.latempete.info\/index.php?rest_route=%2Fwp%2Fv2%2Ftags&post=66923"}],"curies":[{"name":"wp","href":"https:\/\/api.w.org\/{rel}","templated":true}]}}