{"id":67042,"date":"2024-06-13T18:23:52","date_gmt":"2024-06-13T18:23:52","guid":{"rendered":"http:\/\/www.latempete.info\/?p=67042"},"modified":"2024-06-13T18:24:21","modified_gmt":"2024-06-13T18:24:21","slug":"kongo-central-deux-quartiers-de-kinzau-vuete-prives-delectricite-depuis-plus-dune-annee","status":"publish","type":"post","link":"http:\/\/www.latempete.info\/?p=67042","title":{"rendered":"Kongo Central : deux quartiers de Kinzau-Vuete priv\u00e9s d&rsquo;\u00e9lectricit\u00e9 depuis plus d&rsquo;une ann\u00e9e !"},"content":{"rendered":"\n<p><br>Par Dieudonn\u00e9 Muaka Dimbi<\/p>\n\n\n\n<p>Kinzau-Vuete, l&rsquo;une des grandes agglom\u00e9rations du territoire de Seke-Banza, situ\u00e9e \u00e0 60 kms \u00e0 l&rsquo;Ouest de Matadi, capitale de la province du Kongo Central, est en butte \u00e0 de tr\u00e8s s\u00e9rieux probl\u00e8mes li\u00e9s au manque d&rsquo;\u00e9lectricit\u00e9. Pourtant, cette agglom\u00e9ration appel\u00e9e aussi par ses habitants la 25\u00e8me commune de Kinshasa, est bas\u00e9e dans le territoire abritant le barrage hydro\u00e9lectrique d&rsquo;Inga.<\/p>\n\n\n\n<p>Incroyable mais vrai, deux de ses quartiers les plus ambiants et dans lesquels se trouvent aussi concentr\u00e9s toutes les grandes activit\u00e9s tant socio-\u00e9conomiques que culturelles \u00e0 savoir : Maleka et Kasa-Vubu, sont priv\u00e9s de courant \u00e9lectrique depuis plus d&rsquo;une ann\u00e9e d\u00e9j\u00e0. Cela, suite \u00e0 la panne de deux transformateurs qui les alimentaient. Suite \u00e0 ce qui pr\u00e9c\u00e8de, la plupart des chambres-froides, cyber-caf\u00e9s, d\u00e9bits de boissons, bureautiques\u2026 etc ont presque ferm\u00e9 leurs portes. Au plus grand regret de l&rsquo;ensemble de leurs travailleurs et les membres des familles de ces derniers qui, somme toute, ne savent plus \u00e0 quel Saint se vouer.<\/p>\n\n\n\n<p>Il en est de m\u00eame de nombreux techniciens-r\u00e9parateurs de postes r\u00e9cepteurs et t\u00e9l\u00e9viseurs, voire des ajusteurs, qui broient du noir, car r\u00e9duits au ch\u00f4mage. De plus, \u00e0 cause de l&rsquo;absence de courant \u00e9lectrique dans les deux quartiers pr\u00e9cit\u00e9s, les vols \u00e0 domicile, des fils et c\u00e2bles \u00e9lectriques ainsi que de banditisme, y sont devenus tr\u00e8s r\u00e9currents. Cela, \u00e0 des heures tardives de la nuit.<\/p>\n\n\n\n<p>C&rsquo;est ce que regrette am\u00e8rement Didier Dinzey, Coordonnateur de la soci\u00e9t\u00e9 civile du territoire de Seke-Banza, qui sollicite l&rsquo;implication des autorit\u00e9s comp\u00e9tentes pour y rem\u00e9dier. Contact\u00e9, le Chef de centre de la Soci\u00e9t\u00e9 nationale d&rsquo;\u00e9lectricit\u00e9 (SNEL) dit avoir depuis longtemps soumis ce probl\u00e8me aupr\u00e8s de ses chefs hi\u00e9rarchiques au niveau de la province, pour des solutions idoines et durables, dans le meilleur d\u00e9lai. <\/p>\n\n\n\n<p>Ces derniers qui en avaient pris bonne note, affirment, \u00e0 leur tour, avoir entrepris les d\u00e9marches visant l&rsquo;achat de deux nouveaux transformateurs pimpant neufs en remplacement des anciens d\u00e9clar\u00e9s hors usages. Ils promettent enfin d\u00e9canter, sous peu, cet \u00e9pineux probl\u00e8me. Pour le commun des mortels, le probl\u00e8me des quartiers Maleka et Kasa-Vubu \u00e9tant ce qu&rsquo;il est, les responsables de la Direction R\u00e9gionale de la SNEL\/Kongo Central sont donc appel\u00e9s \u00e0 s&rsquo;y pencher urgemment.<\/p>\n","protected":false},"excerpt":{"rendered":"<p>Par Dieudonn\u00e9 Muaka Dimbi Kinzau-Vuete, l&rsquo;une des grandes agglom\u00e9rations du territoire de Seke-Banza, situ\u00e9e \u00e0 60 kms \u00e0 l&rsquo;Ouest de Matadi, capitale de la province du Kongo Central, est en butte \u00e0 de tr\u00e8s s\u00e9rieux probl\u00e8mes li\u00e9s au manque d&rsquo;\u00e9lectricit\u00e9. Pourtant, cette agglom\u00e9ration appel\u00e9e aussi par ses habitants la 25\u00e8me commune de Kinshasa, est bas\u00e9e [&hellip;]<\/p>\n","protected":false},"author":1,"featured_media":0,"comment_status":"closed","ping_status":"","sticky":false,"template":"","format":"standard","meta":{"footnotes":""},"categories":[134,25,10],"tags":[],"class_list":["post-67042","post","type-post","status-publish","format-standard","hentry","category-la-tempete-des-tropiques","category-province","category-societe"],"_links":{"self":[{"href":"http:\/\/www.latempete.info\/index.php?rest_route=\/wp\/v2\/posts\/67042"}],"collection":[{"href":"http:\/\/www.latempete.info\/index.php?rest_route=\/wp\/v2\/posts"}],"about":[{"href":"http:\/\/www.latempete.info\/index.php?rest_route=\/wp\/v2\/types\/post"}],"author":[{"embeddable":true,"href":"http:\/\/www.latempete.info\/index.php?rest_route=\/wp\/v2\/users\/1"}],"replies":[{"embeddable":true,"href":"http:\/\/www.latempete.info\/index.php?rest_route=%2Fwp%2Fv2%2Fcomments&post=67042"}],"version-history":[{"count":1,"href":"http:\/\/www.latempete.info\/index.php?rest_route=\/wp\/v2\/posts\/67042\/revisions"}],"predecessor-version":[{"id":67043,"href":"http:\/\/www.latempete.info\/index.php?rest_route=\/wp\/v2\/posts\/67042\/revisions\/67043"}],"wp:attachment":[{"href":"http:\/\/www.latempete.info\/index.php?rest_route=%2Fwp%2Fv2%2Fmedia&parent=67042"}],"wp:term":[{"taxonomy":"category","embeddable":true,"href":"http:\/\/www.latempete.info\/index.php?rest_route=%2Fwp%2Fv2%2Fcategories&post=67042"},{"taxonomy":"post_tag","embeddable":true,"href":"http:\/\/www.latempete.info\/index.php?rest_route=%2Fwp%2Fv2%2Ftags&post=67042"}],"curies":[{"name":"wp","href":"https:\/\/api.w.org\/{rel}","templated":true}]}}