{"id":68029,"date":"2024-08-14T17:08:00","date_gmt":"2024-08-14T17:08:00","guid":{"rendered":"http:\/\/www.latempete.info\/?p=68029"},"modified":"2024-08-14T17:08:02","modified_gmt":"2024-08-14T17:08:02","slug":"elu-president-du-senat-sama-lukonde-se-determine-a-accomplir-sa-mission-en-toute-loyaute-face-a-tous-les-defis","status":"publish","type":"post","link":"http:\/\/www.latempete.info\/?p=68029","title":{"rendered":"\u00c9lu pr\u00e9sident du S\u00e9nat : Sama Lukonde se d\u00e9termine \u00e0 accomplir sa mission en toute loyaut\u00e9 face \u00e0 tous les d\u00e9fis"},"content":{"rendered":"\n<p>\u00abNous ne m\u00e9nagerons aucun effort pour m\u00e9riter cette confiance que vous nous avez t\u00e9moign\u00e9e ce jour en nous confiant cette noble mission\u00bb. Tel a \u00e9t\u00e9 l\u2019engagement pris devant la Nation et les S\u00e9nateurs par Jean-Michel Sama Lukonde Kyenge dans le discours d\u2019investiture qui a suivi son \u00e9lection comme pr\u00e9sident du bureau d\u00e9finitif du S\u00e9nat, tard dans la soir\u00e9e du 12 ao\u00fbt 2024, au Palais du Peuple.<\/p>\n\n\n\n<p>Le nouveau pr\u00e9sident du S\u00e9nat a dit prendre toute la mesure de la responsabilit\u00e9 qui lui incombe et qui incombe \u00e9galement \u00e0 tout son bureau pour accompagner le pr\u00e9sident de la R\u00e9publique, Commandant supr\u00eame des Forces arm\u00e9es et de la Police nationale, dans l\u2019obligation historique de gagner la guerre d\u2019agression qui s\u00e9vit dans l\u2019Est du pays (La question s\u00e9curitaire, a-t-il dit, le tient \u00e0 c\u0153ur et pr\u00e9occupe au plus haut point le Pr\u00e9sident de la R\u00e9publique, Chef de l\u2019\u00c9tat) et d\u2019imposer d\u00e9finitivement le respect dans toute la R\u00e9gion, l\u2019accompagner aussi dans la mission d\u2019organiser la mont\u00e9e en puissance de l\u2019arm\u00e9e congolaise, celle de l\u2019acc\u00e9l\u00e9ration du Programme de D\u00e9veloppement Local des 145 Territoires ainsi que la construction des infrastructures de base \u00e0 travers le territoire national, sans oublier l\u2019am\u00e9lioration des conditions de vie des populations.<\/p>\n\n\n\n<p>\u00abLe S\u00e9nat est pr\u00eat et exercera l\u2019ensemble de ses pr\u00e9rogatives pour concourir \u00e0 l\u2019atteinte de tous ces buts\u00bb, a-t-il promis avant de rench\u00e9rir qu\u2019 \u00abIl y va de la survie de notre Peuple en tant que Nation\u00bb.<\/p>\n\n\n\n<p>Dans ce discours d\u2019investiture, Sama Lukonde consid\u00e8re son \u00e9lection \u00e0 la t\u00eate du S\u00e9nat, \u00abpas comme une victoire personnelle, ni comme celle d\u2019une Famille politique ou des espaces sociologiques ; mais comme une victoire de l\u2019ensemble de la Nation et des Forces politiques, lesquelles ne demandent que plus d\u2019unit\u00e9, plus de coh\u00e9sion et plus d\u2019efficacit\u00e9 dans la gestion de l\u2019\u00c9tat et ce, dans la confiance et la loyaut\u00e9. C\u2019est ainsi qu\u2019il en a profit\u00e9 pour r\u00e9it\u00e9rer de mani\u00e8re solennelle et sans \u00e9quivoque, sa totale loyaut\u00e9 envers le Pr\u00e9sident F\u00e9lix-Antoine Tshisekedi, autorit\u00e9 de r\u00e9f\u00e9rence de sa famille politique, l\u2019Union sacr\u00e9e de la Nation, tout en reconnaissant que c\u2019est par les orientations de ce dernier, entant que Garant du bon fonctionnement des institutions, qu\u2019il est honor\u00e9 ce jour, lui et l\u2019ensemble des membres de ce bureau. Il a rassur\u00e9 ses coll\u00e8gues S\u00e9nateurs que son bureau fera pr\u00e9valoir toujours l\u2019int\u00e9r\u00eat commun en toutes circonstances, que ce bureau fera en sorte que les promesses de campagne de ses diff\u00e9rents membres soient mat\u00e9rialis\u00e9es, et ce, avec le concours de tous.<\/p>\n\n\n\n<p>En fervent croyant, Sama Lukonde a tout d\u2019abord rendu gr\u00e2ce \u00e0 Dieu tout puissant, qui a rendu possible son \u00e9lection \u00e0 la t\u00eate du S\u00e9nat en ce jour d\u2019historique pour lui et pour tous les autres membres qui composent le bureau d\u00e9finitif du S\u00e9nat. Au nom des membres du Bureau et \u00e0 son nom propre, il a aussi exprim\u00e9 toute sa reconnaissance et sa gratitude envers chacune et chacun des S\u00e9nateurs, pour avoir port\u00e9, leur choix sur ce bureau.<br>Il n\u2019a pas non plus manqu\u00e9 de remercier et f\u00e9liciter, \u00e0 sa juste valeur, son challenger, le Patriarche Jonas Mukamba. Pour Sama Jonas Munkamba a fait montre d\u2019un sens \u00e9lev\u00e9 de d\u00e9mocratie et d\u2019\u00e9l\u00e9gance durant tout le processus ayant conduit \u00e0 son \u00e9lection.<\/p>\n\n\n\n<p>Selon lui, Munkamba est une r\u00e9f\u00e9rence pour les jeunes g\u00e9n\u00e9rations. Il l\u2019a reconnu en promettant que la sagesse du patriarche sera mise \u00e0 profit au cours de ce mandat \u00e0 la t\u00eate de notre chambre parlementaire.<\/p>\n\n\n\n<p>\u00abDurant le mandat que vous venez de nous confier, nous nous attellerons \u00e0 la [la confiance] m\u00e9riter encore davantage, pour le bon fonctionnement de nos Institutions et pour le bien de notre peuple.<\/p>\n\n\n\n<p>Il a enfin, remerci\u00e9 les membres du Bureau provisoire, particuli\u00e8rement son Pr\u00e9sident, le patriarche Pascal Kinduelo Lumbu, le Premier Secr\u00e9taire l\u2019Honorable Ivan Kazadi le Deuxi\u00e8me Secr\u00e9taire l\u2019Honorable Mo\u00efse Ekumbo pour la dext\u00e9rit\u00e9 et la sagesse avec lesquelles ils ont conduit la session extraordinaire inaugurale, ayant abouti \u00e0 l\u2019\u00e9lection et \u00e0 l\u2019installation de ce Bureau d\u00e9finitif. L\u2019apport des agents et fonctionnaires du S\u00e9nat a aussi \u00e9t\u00e9 mentionn\u00e9.<\/p>\n\n\n\n<p>TDT\/Cellule de communication\/Sama Lukonde<\/p>\n","protected":false},"excerpt":{"rendered":"<p>\u00abNous ne m\u00e9nagerons aucun effort pour m\u00e9riter cette confiance que vous nous avez t\u00e9moign\u00e9e ce jour en nous confiant cette noble mission\u00bb. Tel a \u00e9t\u00e9 l\u2019engagement pris devant la Nation et les S\u00e9nateurs par Jean-Michel Sama Lukonde Kyenge dans le discours d\u2019investiture qui a suivi son \u00e9lection comme pr\u00e9sident du bureau d\u00e9finitif du S\u00e9nat, tard [&hellip;]<\/p>\n","protected":false},"author":1,"featured_media":68030,"comment_status":"closed","ping_status":"closed","sticky":false,"template":"","format":"standard","meta":{"footnotes":""},"categories":[136,134,130,5],"tags":[],"class_list":["post-68029","post","type-post","status-publish","format-standard","has-post-thumbnail","hentry","category-a-la-une","category-la-tempete-des-tropiques","category-nation","category-politique"],"_links":{"self":[{"href":"http:\/\/www.latempete.info\/index.php?rest_route=\/wp\/v2\/posts\/68029"}],"collection":[{"href":"http:\/\/www.latempete.info\/index.php?rest_route=\/wp\/v2\/posts"}],"about":[{"href":"http:\/\/www.latempete.info\/index.php?rest_route=\/wp\/v2\/types\/post"}],"author":[{"embeddable":true,"href":"http:\/\/www.latempete.info\/index.php?rest_route=\/wp\/v2\/users\/1"}],"replies":[{"embeddable":true,"href":"http:\/\/www.latempete.info\/index.php?rest_route=%2Fwp%2Fv2%2Fcomments&post=68029"}],"version-history":[{"count":1,"href":"http:\/\/www.latempete.info\/index.php?rest_route=\/wp\/v2\/posts\/68029\/revisions"}],"predecessor-version":[{"id":68031,"href":"http:\/\/www.latempete.info\/index.php?rest_route=\/wp\/v2\/posts\/68029\/revisions\/68031"}],"wp:featuredmedia":[{"embeddable":true,"href":"http:\/\/www.latempete.info\/index.php?rest_route=\/wp\/v2\/media\/68030"}],"wp:attachment":[{"href":"http:\/\/www.latempete.info\/index.php?rest_route=%2Fwp%2Fv2%2Fmedia&parent=68029"}],"wp:term":[{"taxonomy":"category","embeddable":true,"href":"http:\/\/www.latempete.info\/index.php?rest_route=%2Fwp%2Fv2%2Fcategories&post=68029"},{"taxonomy":"post_tag","embeddable":true,"href":"http:\/\/www.latempete.info\/index.php?rest_route=%2Fwp%2Fv2%2Ftags&post=68029"}],"curies":[{"name":"wp","href":"https:\/\/api.w.org\/{rel}","templated":true}]}}