{"id":68505,"date":"2024-09-30T12:56:59","date_gmt":"2024-09-30T12:56:59","guid":{"rendered":"https:\/\/www.latempete.info\/?p=68505"},"modified":"2024-09-30T12:57:00","modified_gmt":"2024-09-30T12:57:00","slug":"kinshasa-les-transports-en-commun-interdits-de-stationner-pres-de-lhotel-de-ville","status":"publish","type":"post","link":"http:\/\/www.latempete.info\/?p=68505","title":{"rendered":"Kinshasa : les transports en commun interdits de stationner pr\u00e8s de l&rsquo;H\u00f4tel de ville"},"content":{"rendered":"\n<p>Par Thony Kambila<\/p>\n\n\n\n<p>Un communiqu\u00e9 du ministre provincial des Transports et mobilit\u00e9 urbaine rendu public vendredi dernier interdit aux transports en commun, notamment les taxis, taxis-bus et taxis-moto, de stationner pr\u00e8s de l&rsquo;H\u00f4tel de ville de Kinshasa.<\/p>\n\n\n\n<p>Selon ce document, tous les arr\u00eats des bus qui fonctionnaient aux environs de l&rsquo;H\u00f4tel de ville de Kinshasa sont d\u00e9localis\u00e9s vers le jardin zoologique et l&rsquo;h\u00f4pital g\u00e9n\u00e9ral de r\u00e9f\u00e9rence de Kinshasa (Ex Mama Yemo).<\/p>\n\n\n\n<p>Le communiqu\u00e9 du ministre provincial charge \u00e9galement la Police nationale congolaise (PNC) et la division urbaine des Transports de la ville de Kinshasa, chacune en ce qui la concerne, de veiller \u00e0 la bonne ex\u00e9cution de cette d\u00e9cision.<\/p>\n","protected":false},"excerpt":{"rendered":"<p>Par Thony Kambila Un communiqu\u00e9 du ministre provincial des Transports et mobilit\u00e9 urbaine rendu public vendredi dernier interdit aux transports en commun, notamment les taxis, taxis-bus et taxis-moto, de stationner pr\u00e8s de l&rsquo;H\u00f4tel de ville de Kinshasa. Selon ce document, tous les arr\u00eats des bus qui fonctionnaient aux environs de l&rsquo;H\u00f4tel de ville de Kinshasa [&hellip;]<\/p>\n","protected":false},"author":1,"featured_media":68506,"comment_status":"closed","ping_status":"closed","sticky":false,"template":"","format":"standard","meta":{"footnotes":""},"categories":[136,134,25,10],"tags":[],"class_list":["post-68505","post","type-post","status-publish","format-standard","has-post-thumbnail","hentry","category-a-la-une","category-la-tempete-des-tropiques","category-province","category-societe"],"_links":{"self":[{"href":"http:\/\/www.latempete.info\/index.php?rest_route=\/wp\/v2\/posts\/68505"}],"collection":[{"href":"http:\/\/www.latempete.info\/index.php?rest_route=\/wp\/v2\/posts"}],"about":[{"href":"http:\/\/www.latempete.info\/index.php?rest_route=\/wp\/v2\/types\/post"}],"author":[{"embeddable":true,"href":"http:\/\/www.latempete.info\/index.php?rest_route=\/wp\/v2\/users\/1"}],"replies":[{"embeddable":true,"href":"http:\/\/www.latempete.info\/index.php?rest_route=%2Fwp%2Fv2%2Fcomments&post=68505"}],"version-history":[{"count":1,"href":"http:\/\/www.latempete.info\/index.php?rest_route=\/wp\/v2\/posts\/68505\/revisions"}],"predecessor-version":[{"id":68507,"href":"http:\/\/www.latempete.info\/index.php?rest_route=\/wp\/v2\/posts\/68505\/revisions\/68507"}],"wp:featuredmedia":[{"embeddable":true,"href":"http:\/\/www.latempete.info\/index.php?rest_route=\/wp\/v2\/media\/68506"}],"wp:attachment":[{"href":"http:\/\/www.latempete.info\/index.php?rest_route=%2Fwp%2Fv2%2Fmedia&parent=68505"}],"wp:term":[{"taxonomy":"category","embeddable":true,"href":"http:\/\/www.latempete.info\/index.php?rest_route=%2Fwp%2Fv2%2Fcategories&post=68505"},{"taxonomy":"post_tag","embeddable":true,"href":"http:\/\/www.latempete.info\/index.php?rest_route=%2Fwp%2Fv2%2Ftags&post=68505"}],"curies":[{"name":"wp","href":"https:\/\/api.w.org\/{rel}","templated":true}]}}