{"id":68832,"date":"2024-10-18T13:35:58","date_gmt":"2024-10-18T13:35:58","guid":{"rendered":"https:\/\/www.latempete.info\/?p=68832"},"modified":"2024-10-18T13:35:59","modified_gmt":"2024-10-18T13:35:59","slug":"dgm-la-veuve-cherubin-okende-reclame-le-passeport-de-son-defunt-mari","status":"publish","type":"post","link":"http:\/\/www.latempete.info\/?p=68832","title":{"rendered":"DGM\u00a0: la veuve Ch\u00e9rubin Okende r\u00e9clame le passeport de son d\u00e9funt mari"},"content":{"rendered":"\n<p>Par Asiyeshindwa<\/p>\n\n\n\n<p>La veuve de l\u2019ancien d\u00e9put\u00e9 national et ministre des Transports et Voies de Communication, Ch\u00e9rubin Okende, assassin\u00e9 le 13 juillet 2023, a, \u00e0 travers une correspondance sign\u00e9e par son avocat-conseil, Laurent Onyemba, formul\u00e9 une requ\u00eate tendant \u00e0 obtenir la remise du passeport de son d\u00e9funt \u00e9poux du Directeur G\u00e9n\u00e9ral de la DGM (Direction G\u00e9n\u00e9rale de Migration).<\/p>\n\n\n\n<p>Dans la pr\u00e9c\u00e9dente correspondance adress\u00e9e en date du 8 avril 2024, Mich\u00e8le Samba Malata, avait demand\u00e9, pour le m\u00eame objectif, \u00e0 la DGM de restituer son passeport confisqu\u00e9 depuis le 16 f\u00e9vrier \u00e0 l\u2019a\u00e9roport international de Ndjili, par les agents de la Migration sur ordre du Parquet de Grande Instance de Kinshasa\/Gombe, et ce, dans le cadre de l\u2019instruction justici\u00e8re concernant l\u2019assassinat de son mari, porte-parole d\u2019Ensemble, parti de l\u2019opposant Mo\u00efse Katumbi.<\/p>\n\n\n\n<p>\u00ab\u00a0\u00c9tant donn\u00e9 que cette mesure d\u2019interdiction avait \u00e9t\u00e9 lev\u00e9e par r\u00e9quisition d\u2019information du 5 avril 2024 re\u00e7ue \u00e0 la m\u00eame date par vos services (\u2026), il est incompr\u00e9hensible que le passeport soit toujours gard\u00e9 par vos services\u00a0\u00bb, indique cette correspondance.<\/p>\n\n\n\n<p>Cette d\u00e9marche, selon Me Laurent Onyemba, vise \u00e0 obtenir du Directeur G\u00e9n\u00e9ral de Migration l\u2019autorisation de la remise de ce document de voyage, afin de permettre \u00e0 la veuve Okende de se rendre \u00e0 l\u2019\u00e9tranger, pour des raisons de sant\u00e9. Le corps de l\u2019ancien d\u00e9put\u00e9 national avait \u00e9t\u00e9 retrouv\u00e9 sans vie et cribl\u00e9 de balles dans sa jeep 4&#215;4 sur le si\u00e8ge du chauffeur, le 13 juillet 2023, le long de l\u2019avenue du Poids-Lourds, \u00e0 Linete, une commune de la ville de Kinshasa. Apr\u00e8s des enqu\u00eates et un proc\u00e8s organis\u00e9, le jeudi 29 f\u00e9vrier 2024, le procureur g\u00e9n\u00e9ral pr\u00e8s la Cour de cassation, Firmin Mvonde, a annonc\u00e9 qu\u2019apr\u00e8s \u00ab\u00a0le recours aux experts en balistique, en t\u00e9l\u00e9communications, apr\u00e8s autopsie et analyses toxicologiques, Ch\u00e9rubin Okende s\u2019est suicid\u00e9\u00a0\u00bb.<\/p>\n\n\n\n<p>Pour appuyer son propos, le Procureur a fait \u00e9tat d\u2019un myst\u00e9rieux carnet, jamais \u00e9voqu\u00e9 jusqu\u2019alors, qui aurait appartenu \u00e0 Ch\u00e9rubin Okende et dans lequel celui-ci aurait \u00e9crit : \u00ab Au bout du rouleau \u00bb. Ces conclusions du Procureur g\u00e9n\u00e9ral avaient scandalis\u00e9 les proches de Ch\u00e9rubin Okende et sa famille politique.<\/p>\n\n\n\n<p>En effet, la famille biologique de Ch\u00e9rubin Okende a d\u00e9pos\u00e9 une plainte \u00e0 Bruxelles, d\u00e9but novembre, contre Christian Ndaywel, chef d\u2019Etat-Major adjoint charg\u00e9 des Renseignements militaires congolais, dont le nom a \u00e9t\u00e9 cit\u00e9 dans la disparition brutale de l\u2019opposant.<\/p>\n","protected":false},"excerpt":{"rendered":"<p>Par Asiyeshindwa La veuve de l\u2019ancien d\u00e9put\u00e9 national et ministre des Transports et Voies de Communication, Ch\u00e9rubin Okende, assassin\u00e9 le 13 juillet 2023, a, \u00e0 travers une correspondance sign\u00e9e par son avocat-conseil, Laurent Onyemba, formul\u00e9 une requ\u00eate tendant \u00e0 obtenir la remise du passeport de son d\u00e9funt \u00e9poux du Directeur G\u00e9n\u00e9ral de la DGM (Direction [&hellip;]<\/p>\n","protected":false},"author":1,"featured_media":0,"comment_status":"closed","ping_status":"closed","sticky":false,"template":"","format":"standard","meta":{"footnotes":""},"categories":[134,130,5],"tags":[],"class_list":["post-68832","post","type-post","status-publish","format-standard","hentry","category-la-tempete-des-tropiques","category-nation","category-politique"],"_links":{"self":[{"href":"http:\/\/www.latempete.info\/index.php?rest_route=\/wp\/v2\/posts\/68832"}],"collection":[{"href":"http:\/\/www.latempete.info\/index.php?rest_route=\/wp\/v2\/posts"}],"about":[{"href":"http:\/\/www.latempete.info\/index.php?rest_route=\/wp\/v2\/types\/post"}],"author":[{"embeddable":true,"href":"http:\/\/www.latempete.info\/index.php?rest_route=\/wp\/v2\/users\/1"}],"replies":[{"embeddable":true,"href":"http:\/\/www.latempete.info\/index.php?rest_route=%2Fwp%2Fv2%2Fcomments&post=68832"}],"version-history":[{"count":1,"href":"http:\/\/www.latempete.info\/index.php?rest_route=\/wp\/v2\/posts\/68832\/revisions"}],"predecessor-version":[{"id":68833,"href":"http:\/\/www.latempete.info\/index.php?rest_route=\/wp\/v2\/posts\/68832\/revisions\/68833"}],"wp:attachment":[{"href":"http:\/\/www.latempete.info\/index.php?rest_route=%2Fwp%2Fv2%2Fmedia&parent=68832"}],"wp:term":[{"taxonomy":"category","embeddable":true,"href":"http:\/\/www.latempete.info\/index.php?rest_route=%2Fwp%2Fv2%2Fcategories&post=68832"},{"taxonomy":"post_tag","embeddable":true,"href":"http:\/\/www.latempete.info\/index.php?rest_route=%2Fwp%2Fv2%2Ftags&post=68832"}],"curies":[{"name":"wp","href":"https:\/\/api.w.org\/{rel}","templated":true}]}}