{"id":69138,"date":"2024-11-11T18:55:33","date_gmt":"2024-11-11T18:55:33","guid":{"rendered":"https:\/\/www.latempete.info\/?p=69138"},"modified":"2024-11-11T18:55:38","modified_gmt":"2024-11-11T18:55:38","slug":"exposition-kinshasa-design-week-le-projet-cite-de-la-foudre-presente","status":"publish","type":"post","link":"http:\/\/www.latempete.info\/?p=69138","title":{"rendered":"Exposition Kinshasa design week : le projet \u00ab\u00a0Cit\u00e9 de la foudre\u00a0\u00bb pr\u00e9sent\u00e9"},"content":{"rendered":"\n<p>Par YHR<\/p>\n\n\n\n<p>L&rsquo;architecte autrichienne Carmen Maria Egger a pr\u00e9sent\u00e9 samedi le projet p\u00e9riurbain intitul\u00e9 \u00a0\u00bb Cit\u00e9 de la foudre \u00ab\u00a0. c&rsquo;\u00e9tait dans la commune de la Gombe, \u00e0 l&rsquo;occasion de l&rsquo; exposition \u00a0\u00bb Kinshasa design week \u00ab\u00a0. \u00a0\u00bb La Cit\u00e9 de la foudre est une approche p\u00e9riurbaine situ\u00e9e sur les terres agricoles riveraines entre la p\u00e9riph\u00e9rie de la capitale Kinshasa et le fleuve Congo.<\/p>\n\n\n\n<p>Il se compose de six structures verticales, toutes li\u00e9es \u00e0 diff\u00e9rents ph\u00e9nom\u00e8nes m\u00e9t\u00e9orologiques, caract\u00e8re animiste et programme. Des espaces collectifs d&rsquo;expression de performances rituelles et agricoles invitent \u00e0 sortir dans les champs la nuit et par tous les temps \u00ab\u00a0, a expliqu\u00e9 l&rsquo;exposante. \u00a0\u00bb Le concept Counter city pr\u00e9sente un syst\u00e8me d&rsquo;occupation poreux pour les rassemblements publics \u00e0 l&rsquo;\u00e9chelle de l&rsquo;acupuncture. L&rsquo;entr\u00e9e dans les marais ne doit plus \u00eatre associ\u00e9e uniquement \u00e0 des activit\u00e9s agricoles essentielles, mais aussi \u00e0 des moments culturels et festifs, d\u00e9passant les perceptions incertaines des forces atmosph\u00e9riques \u00ab\u00a0, a-t-elle insist\u00e9.<\/p>\n\n\n\n<p>Offrir aux Kinois un espace de rencontre ou de dialogue<\/p>\n\n\n\n<p>L&rsquo;objectif de ce projet est d&rsquo;offrir aux Kinois un espace de rencontre ou de dialogue pour mieux discuter et exposer leurs probl\u00e8mes en vue de trouver les solutions et avoir aussi l&rsquo;espace de d\u00e9tente et de festivit\u00e9s. Au cours de cet \u00e9v\u00e9nement, les artistes designer vont exposer leurs \u0153uvres \u00e0 la r\u00e9sidence suisse et Kindeswe masolo talk (rencontre et partage d&rsquo;exp\u00e9riences avec les diff\u00e9rents artistes) \u00e0 l&rsquo;Acad\u00e9mie des Beaux-Arts (ABA).<\/p>\n\n\n\n<p>\u00a0\u00bb Kindeswe masolo talk \u00a0\u00bb a une th\u00e9matique qui veut dire Kin kiesse, ville cr\u00e9ative du monde ; notre id\u00e9e est plus de donner la parole aux artistes designer.<br>Nous voulons faire entendre la voix des artistes designer au monde par leurs diff\u00e9rentes \u0153uvres \u00ab\u00a0, a indiqu\u00e9, pour sa part, Jean Jacques Tankwey Tankila directeur artistique de l&rsquo;\u00e9v\u00e9nement Kindeswe salon international de Design \u00e0 Kinshasa.<\/p>\n\n\n\n<p>Projet de th\u00e8se<\/p>\n\n\n\n<p>Carmen Maria Egger, n\u00e9e en 1994, est dipl\u00f4m\u00e9e en architecture et bas\u00e9e en Australie. Son projet de th\u00e8se, intitul\u00e9 \u00a0\u00bb La ville de Foudre \u00ab\u00a0, porte sur une approche de l&rsquo;habitat p\u00e9riurbain \u00e0 Kinshasa. Elle est actuellement doctorante \u00e0 l&rsquo;Universit\u00e9 d&rsquo;Innsbruck, en Autriche. Ses int\u00e9r\u00eats se concentrent principalement sur les concepts urbains et \u00e9cologiques alternatifs pour les \u00e9tablissements humains dans les zones extr\u00eames, apr\u00e8s ou avant une crise m\u00e9t\u00e9orologique. L&rsquo;architecte est \u00e9galement une entrepreneure, enseignante des cours de dessin et exp\u00e9rimentant le dessin \u00e0 la main et l&rsquo;artisanat, bas\u00e9s sur la combinaison de mat\u00e9riaux naturels, trouv\u00e9s et recycl\u00e9s. Dans son projet, il y a six tours. Chacune s&rsquo;inspire dans sa conception d&rsquo;animaux \u00e9galement pr\u00e9sents dans les mythes, rituels et masques congolais (l&rsquo;araign\u00e9e, l&rsquo;escargot, le serpent, la colombe, la libellule et la chauve-souris).<br>L&rsquo;architecte n&rsquo;en est pas \u00e0 son premier s\u00e9jour en r\u00e9publique D\u00e9mocratique du Congo. En 2019, elle a \u0153uvr\u00e9 dans la r\u00e9gion du Sankuru comme volontaire pour l&rsquo;ONG \u00a0\u00bb Avenir pour Tshumbe \u00ab\u00a0.<\/p>\n\n\n\n<p><\/p>\n\n\n\n<p><\/p>\n\n\n\n<p><\/p>\n","protected":false},"excerpt":{"rendered":"<p>Par YHR L&rsquo;architecte autrichienne Carmen Maria Egger a pr\u00e9sent\u00e9 samedi le projet p\u00e9riurbain intitul\u00e9 \u00a0\u00bb Cit\u00e9 de la foudre \u00ab\u00a0. c&rsquo;\u00e9tait dans la commune de la Gombe, \u00e0 l&rsquo;occasion de l&rsquo; exposition \u00a0\u00bb Kinshasa design week \u00ab\u00a0. \u00a0\u00bb La Cit\u00e9 de la foudre est une approche p\u00e9riurbaine situ\u00e9e sur les terres agricoles riveraines entre la [&hellip;]<\/p>\n","protected":false},"author":1,"featured_media":0,"comment_status":"closed","ping_status":"closed","sticky":false,"template":"","format":"standard","meta":{"footnotes":""},"categories":[129,8,125,134],"tags":[],"class_list":["post-69138","post","type-post","status-publish","format-standard","hentry","category-caricature","category-culture-media","category-expo","category-la-tempete-des-tropiques"],"_links":{"self":[{"href":"http:\/\/www.latempete.info\/index.php?rest_route=\/wp\/v2\/posts\/69138"}],"collection":[{"href":"http:\/\/www.latempete.info\/index.php?rest_route=\/wp\/v2\/posts"}],"about":[{"href":"http:\/\/www.latempete.info\/index.php?rest_route=\/wp\/v2\/types\/post"}],"author":[{"embeddable":true,"href":"http:\/\/www.latempete.info\/index.php?rest_route=\/wp\/v2\/users\/1"}],"replies":[{"embeddable":true,"href":"http:\/\/www.latempete.info\/index.php?rest_route=%2Fwp%2Fv2%2Fcomments&post=69138"}],"version-history":[{"count":1,"href":"http:\/\/www.latempete.info\/index.php?rest_route=\/wp\/v2\/posts\/69138\/revisions"}],"predecessor-version":[{"id":69139,"href":"http:\/\/www.latempete.info\/index.php?rest_route=\/wp\/v2\/posts\/69138\/revisions\/69139"}],"wp:attachment":[{"href":"http:\/\/www.latempete.info\/index.php?rest_route=%2Fwp%2Fv2%2Fmedia&parent=69138"}],"wp:term":[{"taxonomy":"category","embeddable":true,"href":"http:\/\/www.latempete.info\/index.php?rest_route=%2Fwp%2Fv2%2Fcategories&post=69138"},{"taxonomy":"post_tag","embeddable":true,"href":"http:\/\/www.latempete.info\/index.php?rest_route=%2Fwp%2Fv2%2Ftags&post=69138"}],"curies":[{"name":"wp","href":"https:\/\/api.w.org\/{rel}","templated":true}]}}