{"id":69449,"date":"2024-11-27T10:20:51","date_gmt":"2024-11-27T10:20:51","guid":{"rendered":"https:\/\/www.latempete.info\/?p=69449"},"modified":"2024-11-27T10:20:53","modified_gmt":"2024-11-27T10:20:53","slug":"congres-de-caans-2024-felix-tshisekedi-lance-la-5%e1%b5%89-edition","status":"publish","type":"post","link":"http:\/\/www.latempete.info\/?p=69449","title":{"rendered":"Congr\u00e8s de CAANS 2024 : F\u00e9lix Tshisekedi lance la 5\u1d49 \u00e9dition"},"content":{"rendered":"\n<p>Par Tantia Sakata<\/p>\n\n\n\n<p>Le Pr\u00e9sident de la R\u00e9publique D\u00e9mocratique du Congo, F\u00e9lix Tshisekedi a proc\u00e9d\u00e9, le mardi 26 novembre 2024 au Fleuve Congo h\u00f4tel, \u00e0 Kinshasa, au lancement de la 5\u1d49 \u00e9dition du Congr\u00e8s de l&rsquo;Association Continentale des Soci\u00e9t\u00e9s de Neurochirurgie (CAANS 2024). Plac\u00e9e sous le th\u00e8me \u00a0\u00bb nouvelle conception de la neurochirurgie dans le monde \u00ab\u00a0, cette activit\u00e9 est organis\u00e9e par la Soci\u00e9t\u00e9 Nationale de Neurochirurgie (SNN) pour la deuxi\u00e8me ann\u00e9e cons\u00e9cutive dans la ville de Kinshasa, visant \u00e0 organiser des op\u00e9rations chirurgicales.<\/p>\n\n\n\n<p>Lors de son discours, le Chef de l&rsquo;Etat a encourag\u00e9 les parties prenantes \u00e0 redoubler d&rsquo;efforts pour que tous les Congolais aient acc\u00e8s aux soins de qualit\u00e9.<br>Il a \u00e9galement d\u00e9clar\u00e9 que ces rencontres favorisent le partage des connaissances et des avanc\u00e9es dans des domaines sp\u00e9cialis\u00e9s o\u00f9 trop de patients d\u00e9c\u00e8dent pr\u00e9matur\u00e9ment faute de soins appropri\u00e9s, \u00e0 l&rsquo;exception de quelques chanceux pouvant \u00eatre \u00e9vacu\u00e9s en urgence \u00e0 l&rsquo;\u00e9tranger.<\/p>\n\n\n\n<p>Reconnaissant les avanc\u00e9es notables dans le domaine neurochirurgical en Afrique, le Pr\u00e9sident Tshisekedi s&rsquo;est r\u00e9joui qu'\u00a0\u00bb aujourd&rsquo;hui en RDC et dans plusieurs pays d&rsquo;Afrique, le traitement neurochirurgical est une r\u00e9alit\u00e9 accessible \u00e0 tous, qu&rsquo;il s&rsquo;agisse d&rsquo;adultes ou d&rsquo;enfants, d&rsquo;hommes ou de femmes. De son c\u00f4t\u00e9, le pr\u00e9sident national de la soci\u00e9t\u00e9 de neurochirurgie, Jeff Ntalaja, a retrac\u00e9 le parcours de la neurochirurgie, qui a d\u00e9but\u00e9 dans les ann\u00e9es 60 avec le professeur shako, relay\u00e9 pendant 35 ans par le docteur beltshika.<br>Il a signal\u00e9 qu&rsquo;\u00e0 ce jour, des avanc\u00e9es ont \u00e9t\u00e9 enregistr\u00e9es, avec \u00e0 la cl\u00e9 24 neurochirurgie qui les accompagnent.<\/p>\n\n\n\n<p>Pour sa part, la Pr\u00e9sidente de la F\u00e9d\u00e9ration mondiale de la neurochirurgie a affirm\u00e9 que, dans le cadre de la coop\u00e9ration sud-sud, le pays peut compter sur cette organisation pour r\u00e9pondre aux besoins de la population congolaise. Les jeunes neurochirurgien vont renforcer leur capacit\u00e9 en technique de neurochirurgie surtout qu&rsquo;en RDC toute une \u00e9cole a \u00e9t\u00e9 cr\u00e9\u00e9e pour la formation des jeunes . Dans 3 ans, le pays, selon le neurochirurgien Jeff Ntalaja, devra compter 60 neurochirurgie pour gu\u00e9rir sur place les malades.<\/p>\n\n\n\n<p>Actuellement, il a \u00e9t\u00e9 not\u00e9 une r\u00e9duction des transferts des malades, passant de 80% \u00e0 30%. Pour sa disponibilit\u00e9 \u00e0 voir le secteur de la neurologie continuer a \u00e9merger, le Pr\u00e9sident congolais a re\u00e7u un troph\u00e9e de m\u00e9rite afin qu&rsquo;il poursuive sa vision de faire rayonner la cr\u00e8me savante de neurochirurgie dans le monde, et surtout en Afrique.<br>Des troph\u00e9es ont par la suite \u00e9t\u00e9 remis aux \u00e9coles de formation des jeunes neurochirurgiens se trouvant au S\u00e9n\u00e9gal, Maroc et zimbabwe.<\/p>\n\n\n\n<p>Notons que 350 participants venus de 76 pays participent \u00e0 ces assises de haut niveau qui permet aux jeunes neurochirurgiens et ceux qui ont moins de dix ans d&rsquo;\u00e9changer avec leurs a\u00een\u00e9s sur les techniques de neurologie.<\/p>\n\n\n\n<p>\u00c0 cette occasion, les efforts du gouvernement de la R\u00e9publique ont \u00e9t\u00e9 salu\u00e9s au cours de cette journ\u00e9e, avec du pr\u00e9sident de la R\u00e9publique pour promouvoir la neurochirurgie.<\/p>\n","protected":false},"excerpt":{"rendered":"<p>Par Tantia Sakata Le Pr\u00e9sident de la R\u00e9publique D\u00e9mocratique du Congo, F\u00e9lix Tshisekedi a proc\u00e9d\u00e9, le mardi 26 novembre 2024 au Fleuve Congo h\u00f4tel, \u00e0 Kinshasa, au lancement de la 5\u1d49 \u00e9dition du Congr\u00e8s de l&rsquo;Association Continentale des Soci\u00e9t\u00e9s de Neurochirurgie (CAANS 2024). Plac\u00e9e sous le th\u00e8me \u00a0\u00bb nouvelle conception de la neurochirurgie dans le [&hellip;]<\/p>\n","protected":false},"author":1,"featured_media":69450,"comment_status":"closed","ping_status":"closed","sticky":false,"template":"","format":"standard","meta":{"footnotes":""},"categories":[134,122,10],"tags":[],"class_list":["post-69449","post","type-post","status-publish","format-standard","has-post-thumbnail","hentry","category-la-tempete-des-tropiques","category-sante","category-societe"],"_links":{"self":[{"href":"http:\/\/www.latempete.info\/index.php?rest_route=\/wp\/v2\/posts\/69449"}],"collection":[{"href":"http:\/\/www.latempete.info\/index.php?rest_route=\/wp\/v2\/posts"}],"about":[{"href":"http:\/\/www.latempete.info\/index.php?rest_route=\/wp\/v2\/types\/post"}],"author":[{"embeddable":true,"href":"http:\/\/www.latempete.info\/index.php?rest_route=\/wp\/v2\/users\/1"}],"replies":[{"embeddable":true,"href":"http:\/\/www.latempete.info\/index.php?rest_route=%2Fwp%2Fv2%2Fcomments&post=69449"}],"version-history":[{"count":1,"href":"http:\/\/www.latempete.info\/index.php?rest_route=\/wp\/v2\/posts\/69449\/revisions"}],"predecessor-version":[{"id":69451,"href":"http:\/\/www.latempete.info\/index.php?rest_route=\/wp\/v2\/posts\/69449\/revisions\/69451"}],"wp:featuredmedia":[{"embeddable":true,"href":"http:\/\/www.latempete.info\/index.php?rest_route=\/wp\/v2\/media\/69450"}],"wp:attachment":[{"href":"http:\/\/www.latempete.info\/index.php?rest_route=%2Fwp%2Fv2%2Fmedia&parent=69449"}],"wp:term":[{"taxonomy":"category","embeddable":true,"href":"http:\/\/www.latempete.info\/index.php?rest_route=%2Fwp%2Fv2%2Fcategories&post=69449"},{"taxonomy":"post_tag","embeddable":true,"href":"http:\/\/www.latempete.info\/index.php?rest_route=%2Fwp%2Fv2%2Ftags&post=69449"}],"curies":[{"name":"wp","href":"https:\/\/api.w.org\/{rel}","templated":true}]}}