{"id":69456,"date":"2024-11-27T19:10:31","date_gmt":"2024-11-27T19:10:31","guid":{"rendered":"https:\/\/www.latempete.info\/?p=69456"},"modified":"2024-11-27T19:10:33","modified_gmt":"2024-11-27T19:10:33","slug":"avec-la-tenue-cette-semaine-de-la-11%e1%b5%89-conference-des-gouverneurs-et-du-24e-conseil-des-ministres-a-kalemiefelix-tshisekedi-honore-le-tanganyika","status":"publish","type":"post","link":"http:\/\/www.latempete.info\/?p=69456","title":{"rendered":"Avec la tenue, cette semaine, de la 11\u1d49 Conf\u00e9rence des gouverneurs et du 24\u00e8 Conseil des ministres \u00e0 KalemieF\u00e9lix Tshisekedi honore le Tanganyika"},"content":{"rendered":"\n<p> Par DMK<\/p>\n\n\n\n<p>Le Pr\u00e9sident de la R\u00e9publique, F\u00e9lix Antoine Tshisekedi Tshilombo, s\u00e9journe, depuis hier mardi 26 novembre, dans la province du Tanganyika, dans le cadre d&rsquo;une mission d&rsquo;itin\u00e9rance.<\/p>\n\n\n\n<p>La visite officielle du Chef de l&rsquo;Etat dans cette partie du pays s&rsquo;\u00e9tendra sur pr\u00e8s d&rsquo;une semaine et sera marqu\u00e9e par une s\u00e9rie d&rsquo;activit\u00e9s. F\u00e9lix Tshisekedi pr\u00e9sidera notamment la 11e Conf\u00e9rence des gouverneurs de provinces, et la 24e r\u00e9union du Conseil des ministres. Ces deux activit\u00e9s auront lieu \u00e0 Kalemie, chef-lieu de la province du Tanganyika.<br>Selon Giscard Kusema, responsable de la communication \u00e0 la Pr\u00e9sidence de la R\u00e9publique cit\u00e9 par Radio Okapi, cette mission d&rsquo;itin\u00e9rance du Chef de l&rsquo;Etat combinera des activit\u00e9s institutionnelles, des \u00e9changes avec la population locale et des inspections des projets de d\u00e9veloppement.<\/p>\n\n\n\n<p>\u00a0\u00bb Le Pr\u00e9sident de la R\u00e9publique devrait pr\u00e9sider la 23\u00e8me r\u00e9union du Conseil des ministres sur place \u00e0 Kalemie. Plusieurs membres du gouvernement ainsi que les gouverneurs ont d\u00e9j\u00e0 fait le d\u00e9placement \u00ab\u00a0, pr\u00e9cise cette source.<\/p>\n\n\n\n<p>La 11e Conf\u00e9rence des gouverneurs des provinces sera l&rsquo;un des moments cl\u00e9s de cette mission. La rencontre r\u00e9unit les gouverneurs pour discuter des enjeux locaux et des strat\u00e9gies \u00e0 adopter pour renforcer la gouvernance et le d\u00e9veloppement dans toutes les provinces du pays.<\/p>\n\n\n\n<p>Sauf changement de programme, le Chef de l&rsquo;Etat devait communier, hier mardi, avec la population locale \u00e0 travers un grand meeting, dans la ville de Kalemie. Une occasion pour F\u00e9lix Tshisekedi de parler directement avec les habitants de cette province mini\u00e8re.<\/p>\n\n\n\n<p>Le Pr\u00e9sident de la R\u00e9publique mettra aussi \u00e0 profit ce s\u00e9jour pour inspecter divers projets r\u00e9alis\u00e9s dans le cadre du Programme de d\u00e9veloppement local des 145 territoires (PDL-145 T), ainsi que d&rsquo;autres projets financ\u00e9s par le Gouvernement central.<\/p>\n","protected":false},"excerpt":{"rendered":"<p>Par DMK Le Pr\u00e9sident de la R\u00e9publique, F\u00e9lix Antoine Tshisekedi Tshilombo, s\u00e9journe, depuis hier mardi 26 novembre, dans la province du Tanganyika, dans le cadre d&rsquo;une mission d&rsquo;itin\u00e9rance. La visite officielle du Chef de l&rsquo;Etat dans cette partie du pays s&rsquo;\u00e9tendra sur pr\u00e8s d&rsquo;une semaine et sera marqu\u00e9e par une s\u00e9rie d&rsquo;activit\u00e9s. F\u00e9lix Tshisekedi pr\u00e9sidera [&hellip;]<\/p>\n","protected":false},"author":1,"featured_media":69457,"comment_status":"closed","ping_status":"closed","sticky":false,"template":"","format":"standard","meta":{"footnotes":""},"categories":[134,130,5,25],"tags":[],"class_list":["post-69456","post","type-post","status-publish","format-standard","has-post-thumbnail","hentry","category-la-tempete-des-tropiques","category-nation","category-politique","category-province"],"_links":{"self":[{"href":"http:\/\/www.latempete.info\/index.php?rest_route=\/wp\/v2\/posts\/69456"}],"collection":[{"href":"http:\/\/www.latempete.info\/index.php?rest_route=\/wp\/v2\/posts"}],"about":[{"href":"http:\/\/www.latempete.info\/index.php?rest_route=\/wp\/v2\/types\/post"}],"author":[{"embeddable":true,"href":"http:\/\/www.latempete.info\/index.php?rest_route=\/wp\/v2\/users\/1"}],"replies":[{"embeddable":true,"href":"http:\/\/www.latempete.info\/index.php?rest_route=%2Fwp%2Fv2%2Fcomments&post=69456"}],"version-history":[{"count":1,"href":"http:\/\/www.latempete.info\/index.php?rest_route=\/wp\/v2\/posts\/69456\/revisions"}],"predecessor-version":[{"id":69458,"href":"http:\/\/www.latempete.info\/index.php?rest_route=\/wp\/v2\/posts\/69456\/revisions\/69458"}],"wp:featuredmedia":[{"embeddable":true,"href":"http:\/\/www.latempete.info\/index.php?rest_route=\/wp\/v2\/media\/69457"}],"wp:attachment":[{"href":"http:\/\/www.latempete.info\/index.php?rest_route=%2Fwp%2Fv2%2Fmedia&parent=69456"}],"wp:term":[{"taxonomy":"category","embeddable":true,"href":"http:\/\/www.latempete.info\/index.php?rest_route=%2Fwp%2Fv2%2Fcategories&post=69456"},{"taxonomy":"post_tag","embeddable":true,"href":"http:\/\/www.latempete.info\/index.php?rest_route=%2Fwp%2Fv2%2Ftags&post=69456"}],"curies":[{"name":"wp","href":"https:\/\/api.w.org\/{rel}","templated":true}]}}