{"id":69517,"date":"2024-11-29T17:53:24","date_gmt":"2024-11-29T17:53:24","guid":{"rendered":"https:\/\/www.latempete.info\/?p=69517"},"modified":"2024-11-30T17:58:16","modified_gmt":"2024-11-30T17:58:16","slug":"mont-ngafula-le-marche-de-matadi-kibala-en-danger-permanent-2","status":"publish","type":"post","link":"http:\/\/www.latempete.info\/?p=69517","title":{"rendered":"Mont Ngafula : le march\u00e9 de Matadi-Kibala en danger permanent"},"content":{"rendered":"\n<p>Par K.Kap<\/p>\n\n\n\n<p>En parcourant la RN 1, au niveau de Matadi- Kibala, on ne semble pas se pr\u00e9occuper de la protection de l&rsquo;environnement et de la population. Les cons\u00e9quences sont encore loin d&rsquo;\u00eatre tir\u00e9es au regard du retour des vendeurs sur la chauss\u00e9e \u00e0 c\u00f4t\u00e9 des poids lourds et autres v\u00e9hicules qui s&rsquo;y immobilisent pendant plusieurs heures. Les c\u00e2bles \u00e9lectriques sont suspendus sur les t\u00eates \u00e0 plusieurs endroits, les autres sont \u00e0 l&rsquo;air libre \u00e0 c\u00f4t\u00e9 des caniveaux en r\u00e9fection.<\/p>\n\n\n\n<p>Il n&rsquo;en pouvait pas \u00eatre ainsi, s&rsquo;il faut se rem\u00e9morer la trag\u00e9die indescriptible v\u00e9cue en f\u00e9vrier dernier. Des vendeuses ont perdu des vies \u00e0 la suite d&rsquo;une chute d&rsquo;un poteau \u00e9lectrique. Des hommes aussi dans la d\u00e9brouille se sont retrouv\u00e9s \u00e9lectrocut\u00e9s. Un deuxi\u00e8me deuil national \u00e9tait organis\u00e9 \u00e0 cet effet. Des autorit\u00e9s nationales \u00e0 plusieurs niveaux \u00e9taient descendues sur les lieux. Le premier a eu lieu apr\u00e8s la pluie diluvienne du 12 au 13 d\u00e9cembre 2022 qui avait m\u00eame coup\u00e9 la RN1 \u00e0 la hauteur de l&rsquo;endroit dit \u00a0\u00bb En Vrac \u00ab\u00a0. Les logements sociaux de ces sinistr\u00e9s devraient \u00eatre livr\u00e9s depuis le d\u00e9but de ce mois de novembre. Les travaux sont ex\u00e9cut\u00e9s par des Turcs vers N&rsquo;Djili Brasserie o\u00f9 m\u00eame des non ayants droits ont \u00e9t\u00e9 d\u00e9nonc\u00e9s par un m\u00e9dia audiovisuel de la place.<\/p>\n\n\n\n<p>Ces sinistres ne pouvaient pas intervenir si les pr\u00e9cautions prises de construire un march\u00e9 moderne \u00e0 Matadi -Kibala en 2020 \u00e9taient respect\u00e9es. Il s&rsquo;\u00e9tait d\u00e9gag\u00e9 que la d\u00e9t\u00e9rioration de la RN1 \u00e9tait plus due \u00e0 l&rsquo;occupation anarchique pour de multiples activit\u00e9s commerciales le long de cette art\u00e8re \u00e0 partir de Matadi-Mayo jusqu&rsquo; au niveau du Camp PM, vers Mitendi. Le Minist\u00e8re des Infrastructures et Travaux a du y b\u00e9tonner en septembre une distance de 250 m\u00e8tre sans bien penser aux accotements ayant provoqu\u00e9 des trous rendant la circulation compliqu\u00e9e \u00e0 cet endroit. <\/p>\n\n\n\n<p>Plus ardue encore le retour du march\u00e9 consid\u00e9r\u00e9 pirate et les maisons de commerce qui \u00e9taient ferm\u00e9s apr\u00e8s la trag\u00e9die de f\u00e9vrier 2022. Surtout que cette partie est prise d&rsquo;assaut par des camions remorques dans les deux sens \u00e0 toutes les heures. Les motocyclistes y font la loi en se frayant des chemins entre les passants, les denr\u00e9es alimentaires en provenance du Kongo Central et moults v\u00e9hicules de gros tonnages. Pas de parking pr\u00e9vus pour les transporteurs de divers vivres livr\u00e9s sur la chauss\u00e9e \u00e0 c\u00f4t\u00e9 parfois des preneurs qui les n\u00e9gocient et les \u00e9coulent en cohabitation avec des immondices s&rsquo;amoncelant d&rsquo;une mani\u00e8re inqui\u00e9tante.<br>Un danger permanent \u00e0 l&rsquo;endroit de tout le monde, menace \u00e9lectrocution ou un v\u00e9hicule peut d\u00e9router en terminant mal sa course sur les occupants de ce lieu d&rsquo;infortune de commerce et des passants\u2026<\/p>\n","protected":false},"excerpt":{"rendered":"<p>Par K.Kap En parcourant la RN 1, au niveau de Matadi- Kibala, on ne semble pas se pr\u00e9occuper de la protection de l&rsquo;environnement et de la population. Les cons\u00e9quences sont encore loin d&rsquo;\u00eatre tir\u00e9es au regard du retour des vendeurs sur la chauss\u00e9e \u00e0 c\u00f4t\u00e9 des poids lourds et autres v\u00e9hicules qui s&rsquo;y immobilisent pendant [&hellip;]<\/p>\n","protected":false},"author":1,"featured_media":69518,"comment_status":"closed","ping_status":"closed","sticky":false,"template":"","format":"standard","meta":{"footnotes":""},"categories":[136,134,25,10],"tags":[],"class_list":["post-69517","post","type-post","status-publish","format-standard","has-post-thumbnail","hentry","category-a-la-une","category-la-tempete-des-tropiques","category-province","category-societe"],"_links":{"self":[{"href":"http:\/\/www.latempete.info\/index.php?rest_route=\/wp\/v2\/posts\/69517"}],"collection":[{"href":"http:\/\/www.latempete.info\/index.php?rest_route=\/wp\/v2\/posts"}],"about":[{"href":"http:\/\/www.latempete.info\/index.php?rest_route=\/wp\/v2\/types\/post"}],"author":[{"embeddable":true,"href":"http:\/\/www.latempete.info\/index.php?rest_route=\/wp\/v2\/users\/1"}],"replies":[{"embeddable":true,"href":"http:\/\/www.latempete.info\/index.php?rest_route=%2Fwp%2Fv2%2Fcomments&post=69517"}],"version-history":[{"count":1,"href":"http:\/\/www.latempete.info\/index.php?rest_route=\/wp\/v2\/posts\/69517\/revisions"}],"predecessor-version":[{"id":69519,"href":"http:\/\/www.latempete.info\/index.php?rest_route=\/wp\/v2\/posts\/69517\/revisions\/69519"}],"wp:featuredmedia":[{"embeddable":true,"href":"http:\/\/www.latempete.info\/index.php?rest_route=\/wp\/v2\/media\/69518"}],"wp:attachment":[{"href":"http:\/\/www.latempete.info\/index.php?rest_route=%2Fwp%2Fv2%2Fmedia&parent=69517"}],"wp:term":[{"taxonomy":"category","embeddable":true,"href":"http:\/\/www.latempete.info\/index.php?rest_route=%2Fwp%2Fv2%2Fcategories&post=69517"},{"taxonomy":"post_tag","embeddable":true,"href":"http:\/\/www.latempete.info\/index.php?rest_route=%2Fwp%2Fv2%2Ftags&post=69517"}],"curies":[{"name":"wp","href":"https:\/\/api.w.org\/{rel}","templated":true}]}}