{"id":70152,"date":"2025-01-20T12:58:38","date_gmt":"2025-01-20T12:58:38","guid":{"rendered":"https:\/\/www.latempete.info\/?p=70152"},"modified":"2025-01-20T12:58:40","modified_gmt":"2025-01-20T12:58:40","slug":"judith-suminwa-se-penche-sur-le-projet-pont-route-rail-kinshasa-brazzaville","status":"publish","type":"post","link":"http:\/\/www.latempete.info\/?p=70152","title":{"rendered":"Judith Suminwa se penche sur le projet Pont-Route-Rail Kinshasa-Brazzaville"},"content":{"rendered":"\n<p>Par Tantia Sakata<\/p>\n\n\n\n<p>La Premi\u00e8re ministre, Judith Suminwa, a pr\u00e9sid\u00e9, le mercredi 15 janvier dernier, la r\u00e9union de restitution des travaux des deux d\u00e9l\u00e9gations d&rsquo;experts de la R\u00e9publique D\u00e9mocratique du Congo et de la R\u00e9publique du Congo concernant le projet Pont-Route-Rail, qui s&rsquo;est tenue dans la salle du Conseil de l&rsquo;immeuble du Gouvernement.<\/p>\n\n\n\n<p>Selon une d\u00e9p\u00eache de la Cellule de Communication de la Primature, ces \u00e9changes ont pour but d&rsquo;aboutir \u00e0 une concession pour la construction du Pont-Route-Rail reliant Kinshasa \u00e0 Brazzaville. Pour sa part, le ministre d&rsquo;Etat en charge des Infrastructures et Travaux publics de la RDC, Alexis Gisaro, a indiqu\u00e9 que ce projet est b\u00e9n\u00e9fique pour les deux Etats qui se sont engag\u00e9s \u00e0 le concr\u00e9tiser.<\/p>\n\n\n\n<p>\u00a0\u00bb Nous avons entam\u00e9 ces \u00e9changes techniques pour que les administrations fiscales des deux pays puissent harmoniser leurs vues. C&rsquo;est pour mettre en place un syst\u00e8me qui sera le plus favorablement possible \u00e0 la concession \u00ab\u00a0, a d\u00e9clar\u00e9 Alexis Gisaro. Il a notamment indiqu\u00e9 que les \u00e9valuations techniques estiment le co\u00fbt de ce projet \u00e0 environ 700 millions USD. \u00a0\u00bb Cependant, il est important de pr\u00e9ciser qu&rsquo;il s&rsquo;agit d&rsquo;une premi\u00e8re \u00e9tape, car le projet est destin\u00e9 \u00e0 \u00e9voluer. D&rsquo;autres projets viendront \u00e9galement s&rsquo;int\u00e9grer \u00e0 ce projet principal \u00ab\u00a0, a ajout\u00e9 le ministre des Infrastructures.<\/p>\n\n\n\n<p>D\u00e9but des travaux de la construction<\/p>\n\n\n\n<p>De son c\u00f4t\u00e9, le ministre de la R\u00e9publique du Congo en charge de l&rsquo;Am\u00e9nagement, de l&rsquo;\u00c9quipement du territoire et des Grands travaux, Jean-Jacques Bouya, a soulign\u00e9 que le d\u00e9but des travaux de ce projet pourrait intervenir durant cette ann\u00e9e.<\/p>\n\n\n\n<p>\u00a0\u00bb Nous avons harmonis\u00e9 la concession pour la construction du Pont-Route-Rail. Une fois, la concession harmonis\u00e9e, l&rsquo;appel d&rsquo;offres sera lanc\u00e9 pour s\u00e9lectionner le concessionnaire \u00ab\u00a0, a-t-il ajout\u00e9.<\/p>\n\n\n\n<p>M. Bouya a notifi\u00e9 qu&rsquo;il reste cinq groupements d&rsquo;entreprises qui vont soumissionner pour aller vers la s\u00e9lection. Et d&rsquo;ajouter : \u00a0\u00bb Nous devons leur fournir l&rsquo;ensemble des \u00e9l\u00e9ments techniques et financiers n\u00e9cessaires \u00e0 la pr\u00e9paration de leurs offres. C&rsquo;est ce qui est en train de se faire. Apr\u00e8s toutes ces \u00e9tapes, nous \u00e9tablirons un d\u00e9lai en fonction des souhaits des investisseurs \u00ab\u00a0.<\/p>\n\n\n\n<p>M. Bouya a \u00e9galement soulign\u00e9 qu&rsquo;une analyse sera faite sur les offres autour de la communaut\u00e9 \u00e9conomique des Etats de l&rsquo;Afrique centrale (CEEAC), de la BAD et des deux Etats concern\u00e9s.<\/p>\n\n\n\n<p>\u00c0 en croire la source, ce projet vise \u00e0 relever les d\u00e9fis d&rsquo;int\u00e9gration auxquels est confront\u00e9e la r\u00e9gion de l&rsquo;Afrique centrale. Notons que ce projet stimulera le commerce transfrontalier et r\u00e9gional en am\u00e9liorant la circulation.<\/p>\n","protected":false},"excerpt":{"rendered":"<p>Par Tantia Sakata La Premi\u00e8re ministre, Judith Suminwa, a pr\u00e9sid\u00e9, le mercredi 15 janvier dernier, la r\u00e9union de restitution des travaux des deux d\u00e9l\u00e9gations d&rsquo;experts de la R\u00e9publique D\u00e9mocratique du Congo et de la R\u00e9publique du Congo concernant le projet Pont-Route-Rail, qui s&rsquo;est tenue dans la salle du Conseil de l&rsquo;immeuble du Gouvernement. Selon une [&hellip;]<\/p>\n","protected":false},"author":1,"featured_media":70153,"comment_status":"closed","ping_status":"closed","sticky":false,"template":"","format":"standard","meta":{"footnotes":""},"categories":[136,120,41,7,134,40,130,5],"tags":[],"class_list":["post-70152","post","type-post","status-publish","format-standard","has-post-thumbnail","hentry","category-a-la-une","category-banque-finance","category-commerce","category-economie","category-la-tempete-des-tropiques","category-marche","category-nation","category-politique"],"_links":{"self":[{"href":"http:\/\/www.latempete.info\/index.php?rest_route=\/wp\/v2\/posts\/70152"}],"collection":[{"href":"http:\/\/www.latempete.info\/index.php?rest_route=\/wp\/v2\/posts"}],"about":[{"href":"http:\/\/www.latempete.info\/index.php?rest_route=\/wp\/v2\/types\/post"}],"author":[{"embeddable":true,"href":"http:\/\/www.latempete.info\/index.php?rest_route=\/wp\/v2\/users\/1"}],"replies":[{"embeddable":true,"href":"http:\/\/www.latempete.info\/index.php?rest_route=%2Fwp%2Fv2%2Fcomments&post=70152"}],"version-history":[{"count":1,"href":"http:\/\/www.latempete.info\/index.php?rest_route=\/wp\/v2\/posts\/70152\/revisions"}],"predecessor-version":[{"id":70154,"href":"http:\/\/www.latempete.info\/index.php?rest_route=\/wp\/v2\/posts\/70152\/revisions\/70154"}],"wp:featuredmedia":[{"embeddable":true,"href":"http:\/\/www.latempete.info\/index.php?rest_route=\/wp\/v2\/media\/70153"}],"wp:attachment":[{"href":"http:\/\/www.latempete.info\/index.php?rest_route=%2Fwp%2Fv2%2Fmedia&parent=70152"}],"wp:term":[{"taxonomy":"category","embeddable":true,"href":"http:\/\/www.latempete.info\/index.php?rest_route=%2Fwp%2Fv2%2Fcategories&post=70152"},{"taxonomy":"post_tag","embeddable":true,"href":"http:\/\/www.latempete.info\/index.php?rest_route=%2Fwp%2Fv2%2Ftags&post=70152"}],"curies":[{"name":"wp","href":"https:\/\/api.w.org\/{rel}","templated":true}]}}