{"id":70235,"date":"2025-01-23T19:39:41","date_gmt":"2025-01-23T19:39:41","guid":{"rendered":"https:\/\/www.latempete.info\/?p=70235"},"modified":"2025-01-23T19:39:44","modified_gmt":"2025-01-23T19:39:44","slug":"interdiction-dimportation-temporaire-de-quelques-produits-julien-paluku-pret-a-accorder-une-derogation-gratuite","status":"publish","type":"post","link":"http:\/\/www.latempete.info\/?p=70235","title":{"rendered":"Interdiction d\u2019importation temporaire de quelques produits : Julien Paluku pr\u00eat \u00e0 accorder une d\u00e9rogation gratuite"},"content":{"rendered":"\n<p>Par LM<\/p>\n\n\n\n<p>Le ministre du Commerce ext\u00e9rieur de la R\u00e9publique d\u00e9mocratique du Congo, Julien Paluku Kahongya, a pr\u00e9sid\u00e9, mardi 21 janvier 2025, dans son cabinet de travail, une r\u00e9union technique \u00e0 laquelle ont pris part ses collaborateurs.<\/p>\n\n\n\n<p>La r\u00e9union \u00e9tait focalis\u00e9e sur les grandes orientations pour cette ann\u00e9e 2025.<\/p>\n\n\n\n<p>Au cours de cette r\u00e9union technique qui est la premi\u00e8re de l\u2019ann\u00e9e en cours, le ministre Julien Paluku Kahongya a rappel\u00e9 la s\u00e9rie des mesures interdisant l\u2019importation temporaire de quelques produits et visant \u00e0 sauvegarder l\u2019industrie locale congolaise et les emplois qu\u2019elle cr\u00e9e. En cas de n\u00e9cessit\u00e9 d\u2019approvisionnement dans les parties du territoire national o\u00f9 les consommateurs ont un acc\u00e8s difficile aux produits locaux, les op\u00e9rateurs \u00e9conomiques peuvent b\u00e9n\u00e9ficier d\u2019une d\u00e9rogation d\u2019importation accord\u00e9e \u00abgratuitement\u00bb par le ministre ayant le Commerce ext\u00e9rieur dans ses attributions.<\/p>\n\n\n\n<p>Dans ce cas pr\u00e9cis, le requ\u00e9rant est tenu de porter sa demande de d\u00e9rogation \u00e0 la connaissance de l\u2019autorit\u00e9 minist\u00e9rielle pr\u00e9cit\u00e9e en sp\u00e9cifiant express\u00e9ment et pr\u00e9alablement dans sa lettre de demande, le lieu de destination et le num\u00e9ro de lots de la marchandise concern\u00e9e ; et ladite demande doit \u00eatre accompagn\u00e9e de la liasse documentaire valid\u00e9e par le Guichet unique int\u00e9gral du Commerce ext\u00e9rieur (Seguce), \u00e0 d\u00e9faut d\u2019\u00eatre rejet\u00e9e,\u00a0a-t-il\u00a0conclu.<\/p>\n","protected":false},"excerpt":{"rendered":"<p>Par LM Le ministre du Commerce ext\u00e9rieur de la R\u00e9publique d\u00e9mocratique du Congo, Julien Paluku Kahongya, a pr\u00e9sid\u00e9, mardi 21 janvier 2025, dans son cabinet de travail, une r\u00e9union technique \u00e0 laquelle ont pris part ses collaborateurs. La r\u00e9union \u00e9tait focalis\u00e9e sur les grandes orientations pour cette ann\u00e9e 2025. Au cours de cette r\u00e9union technique [&hellip;]<\/p>\n","protected":false},"author":1,"featured_media":70236,"comment_status":"closed","ping_status":"closed","sticky":false,"template":"","format":"standard","meta":{"footnotes":""},"categories":[41,7,134,40,121],"tags":[],"class_list":["post-70235","post","type-post","status-publish","format-standard","has-post-thumbnail","hentry","category-commerce","category-economie","category-la-tempete-des-tropiques","category-marche","category-richesses-naturelles"],"_links":{"self":[{"href":"http:\/\/www.latempete.info\/index.php?rest_route=\/wp\/v2\/posts\/70235"}],"collection":[{"href":"http:\/\/www.latempete.info\/index.php?rest_route=\/wp\/v2\/posts"}],"about":[{"href":"http:\/\/www.latempete.info\/index.php?rest_route=\/wp\/v2\/types\/post"}],"author":[{"embeddable":true,"href":"http:\/\/www.latempete.info\/index.php?rest_route=\/wp\/v2\/users\/1"}],"replies":[{"embeddable":true,"href":"http:\/\/www.latempete.info\/index.php?rest_route=%2Fwp%2Fv2%2Fcomments&post=70235"}],"version-history":[{"count":1,"href":"http:\/\/www.latempete.info\/index.php?rest_route=\/wp\/v2\/posts\/70235\/revisions"}],"predecessor-version":[{"id":70237,"href":"http:\/\/www.latempete.info\/index.php?rest_route=\/wp\/v2\/posts\/70235\/revisions\/70237"}],"wp:featuredmedia":[{"embeddable":true,"href":"http:\/\/www.latempete.info\/index.php?rest_route=\/wp\/v2\/media\/70236"}],"wp:attachment":[{"href":"http:\/\/www.latempete.info\/index.php?rest_route=%2Fwp%2Fv2%2Fmedia&parent=70235"}],"wp:term":[{"taxonomy":"category","embeddable":true,"href":"http:\/\/www.latempete.info\/index.php?rest_route=%2Fwp%2Fv2%2Fcategories&post=70235"},{"taxonomy":"post_tag","embeddable":true,"href":"http:\/\/www.latempete.info\/index.php?rest_route=%2Fwp%2Fv2%2Ftags&post=70235"}],"curies":[{"name":"wp","href":"https:\/\/api.w.org\/{rel}","templated":true}]}}