{"id":70427,"date":"2025-02-06T19:48:33","date_gmt":"2025-02-06T19:48:33","guid":{"rendered":"https:\/\/www.latempete.info\/?p=70427"},"modified":"2025-02-06T19:48:37","modified_gmt":"2025-02-06T19:48:37","slug":"engagee-sur-le-front-spirituel-solange-masumbuko-decrete-1-mois-de-priere-pour-la-paix-a-lest","status":"publish","type":"post","link":"http:\/\/www.latempete.info\/?p=70427","title":{"rendered":"Engag\u00e9e sur le front spirituel : Solange Masumbuko d\u00e9cr\u00e8te 1 mois de pri\u00e8re pour la paix \u00e0 l\u2019Est"},"content":{"rendered":"\n<p>Par LM<\/p>\n\n\n\n<p>Lors d\u2019une activit\u00e9 tenue mardi 4 f\u00e9vrier 2025 au Centre sup\u00e9rieur militaire, \u00e0 Kinshasa, commune de Ngaliema, l\u2019honorable Solange Masumbuko a r\u00e9uni plus de 500 mamans pour \u00e9veiller leur conscience face \u00e0 la crise s\u00e9curitaire dans la partie Est de la R\u00e9publique d\u00e9mocratique du Congo, principalement \u00e0 Goma, chef-lieu de la province du Nord-Kivu. Il \u00e9tait question d\u2019implorer l\u2019intervention de Dieu pour mettre fin \u00e0 cette situation qui a endeuill\u00e9 plusieurs familles dans ce coin de la RDC.<\/p>\n\n\n\n<p>Parmi les personnes cibl\u00e9es, les femmes dont les maris (militaires et policiers) sont au front.<\/p>\n\n\n\n<p>Solange Masumbuko a profit\u00e9 de cette opportunit\u00e9 pour d\u00e9cr\u00e9ter un mois de pri\u00e8re et solliciter la protection de Dieu ainsi que l\u2019instauration d\u2019une paix durable en R\u00e9publique d\u00e9mocratique du Congo.<\/p>\n\n\n\n<p>\u00c0 genoux, main dans la main, toutes les femmes, accompagn\u00e9es de quelques hommes de Dieu, ont demand\u00e9 l\u2019intervention du Tout-puissant.<br>Elles ont dit non \u00e0 tout projet de balkanisation et au pillage des ressources naturelles de la R\u00e9publique d\u00e9mocratique du Congo par le Rwanda. Un message fort de Solange Masumbuko, bien accueilli par les \u00e9pouses\u00a0militaires.<\/p>\n","protected":false},"excerpt":{"rendered":"<p>Par LM Lors d\u2019une activit\u00e9 tenue mardi 4 f\u00e9vrier 2025 au Centre sup\u00e9rieur militaire, \u00e0 Kinshasa, commune de Ngaliema, l\u2019honorable Solange Masumbuko a r\u00e9uni plus de 500 mamans pour \u00e9veiller leur conscience face \u00e0 la crise s\u00e9curitaire dans la partie Est de la R\u00e9publique d\u00e9mocratique du Congo, principalement \u00e0 Goma, chef-lieu de la province du [&hellip;]<\/p>\n","protected":false},"author":1,"featured_media":32780,"comment_status":"closed","ping_status":"closed","sticky":false,"template":"","format":"standard","meta":{"footnotes":""},"categories":[134,25,36,10],"tags":[],"class_list":["post-70427","post","type-post","status-publish","format-standard","has-post-thumbnail","hentry","category-la-tempete-des-tropiques","category-province","category-religion","category-societe"],"_links":{"self":[{"href":"http:\/\/www.latempete.info\/index.php?rest_route=\/wp\/v2\/posts\/70427"}],"collection":[{"href":"http:\/\/www.latempete.info\/index.php?rest_route=\/wp\/v2\/posts"}],"about":[{"href":"http:\/\/www.latempete.info\/index.php?rest_route=\/wp\/v2\/types\/post"}],"author":[{"embeddable":true,"href":"http:\/\/www.latempete.info\/index.php?rest_route=\/wp\/v2\/users\/1"}],"replies":[{"embeddable":true,"href":"http:\/\/www.latempete.info\/index.php?rest_route=%2Fwp%2Fv2%2Fcomments&post=70427"}],"version-history":[{"count":1,"href":"http:\/\/www.latempete.info\/index.php?rest_route=\/wp\/v2\/posts\/70427\/revisions"}],"predecessor-version":[{"id":70428,"href":"http:\/\/www.latempete.info\/index.php?rest_route=\/wp\/v2\/posts\/70427\/revisions\/70428"}],"wp:featuredmedia":[{"embeddable":true,"href":"http:\/\/www.latempete.info\/index.php?rest_route=\/wp\/v2\/media\/32780"}],"wp:attachment":[{"href":"http:\/\/www.latempete.info\/index.php?rest_route=%2Fwp%2Fv2%2Fmedia&parent=70427"}],"wp:term":[{"taxonomy":"category","embeddable":true,"href":"http:\/\/www.latempete.info\/index.php?rest_route=%2Fwp%2Fv2%2Fcategories&post=70427"},{"taxonomy":"post_tag","embeddable":true,"href":"http:\/\/www.latempete.info\/index.php?rest_route=%2Fwp%2Fv2%2Ftags&post=70427"}],"curies":[{"name":"wp","href":"https:\/\/api.w.org\/{rel}","templated":true}]}}