{"id":70429,"date":"2025-02-06T19:51:52","date_gmt":"2025-02-06T19:51:52","guid":{"rendered":"https:\/\/www.latempete.info\/?p=70429"},"modified":"2025-02-06T19:51:57","modified_gmt":"2025-02-06T19:51:57","slug":"grand-lacs-la-cenco-et-lecc-mobilisent-la-population-en-faveur-de-la-paix","status":"publish","type":"post","link":"http:\/\/www.latempete.info\/?p=70429","title":{"rendered":"Grand Lacs : la CENCO et l\u2019ECC mobilisent la population en faveur de la paix"},"content":{"rendered":"\n<p>Par Carroll Madiya<\/p>\n\n\n\n<p>La Conf\u00e9rence \u00e9piscopale nationale du Congo (CENCO) et l\u2019\u00c9glise du Christ au Congo (ECC) ont lanc\u00e9, hier mercredi 5 Janvier 2025 \u00e0 Kinshasa, un appel en faveur du pacte social pour la paix et le bien vivre ensemble en RDC et dans les grands lacs.<\/p>\n\n\n\n<p>Les deux \u00c9glises invitent toutes les populations de ladite r\u00e9gion \u00e0 s\u2019engager dans ce projet qu\u2019elles formulent en cinq postulats, et qu\u2019elles consid\u00e8rent comme une urgence vitale pour \u00e9viter une \u00abcatastrophe humanitaire aux cons\u00e9quences incalculables\u00bb dans cette r\u00e9gion tourment\u00e9e depuis plus de trois d\u00e9cennies.<\/p>\n\n\n\n<p>Ce pacte, indiquent les initiateurs, a pour objectif le renforcement de la coh\u00e9sion nationale dans le pays. Une adh\u00e9sion massive \u00e0 ce pacte, selon eux, permettra un retour aux valeurs sociologiques et spirituelles africaines, en vue de construire une paix durable. Elle favorisera \u00e9galement le recours au consensus par le dialogue pour \u00e9radiquer les causes profondes des conflits politiques et arm\u00e9s, qui \u00ab endeuillent la RDC et ensanglantent cycliquement la sous-r\u00e9gion des Grands Lacs\u00bb. <\/p>\n\n\n\n<p>Prenant la parole, le secr\u00e9taire g\u00e9n\u00e9ral de l\u2019ECC, le R\u00e9v\u00e9rend Eric Nsenga, a pr\u00e9sent\u00e9 la philosophie et la mise en \u0153uvre de ce projet, en insistant sur le fait qu\u2019il s\u2019agit d\u2019une urgence vitale. Ce dernier a pr\u00e9cis\u00e9 que le dialogue auquel ledit projet fait allusion vise \u00e0 unir les parties impliqu\u00e9es dans les conflits, dans le respect de la diversit\u00e9, afin de b\u00e2tir une Afrique forte, unie et prosp\u00e8re face aux d\u00e9fis de la mondialisation ; et veut influencer les dirigeants politiques africains, en particulier ceux de la r\u00e9gion, afin de mettre un terme aux violences arm\u00e9es.<\/p>\n\n\n\n<p>Pour sa part, le secr\u00e9taire g\u00e9n\u00e9ral de la Cenco, Mgr Donatien Nshole, a insist\u00e9 sur les objectifs internes et internationaux de ce pacte. Parmi les objectifs internes, ce pacte se veut renforcer les dispositifs coop\u00e9ratifs et lutter contre les groupes arm\u00e9s ; encourager la diaspora congolaise \u00e0 s\u2019engager dans les initiatives de pacification et de d\u00e9veloppement ; promouvoir le dialogue interethnique ; et mettre en place des m\u00e9canismes favorisant la coop\u00e9ration\u00a0r\u00e9gionale.<\/p>\n\n\n\n<p><\/p>\n","protected":false},"excerpt":{"rendered":"<p>Par Carroll Madiya La Conf\u00e9rence \u00e9piscopale nationale du Congo (CENCO) et l\u2019\u00c9glise du Christ au Congo (ECC) ont lanc\u00e9, hier mercredi 5 Janvier 2025 \u00e0 Kinshasa, un appel en faveur du pacte social pour la paix et le bien vivre ensemble en RDC et dans les grands lacs. Les deux \u00c9glises invitent toutes les populations [&hellip;]<\/p>\n","protected":false},"author":1,"featured_media":70430,"comment_status":"closed","ping_status":"closed","sticky":false,"template":"","format":"standard","meta":{"footnotes":""},"categories":[134,25,10],"tags":[],"class_list":["post-70429","post","type-post","status-publish","format-standard","has-post-thumbnail","hentry","category-la-tempete-des-tropiques","category-province","category-societe"],"_links":{"self":[{"href":"http:\/\/www.latempete.info\/index.php?rest_route=\/wp\/v2\/posts\/70429"}],"collection":[{"href":"http:\/\/www.latempete.info\/index.php?rest_route=\/wp\/v2\/posts"}],"about":[{"href":"http:\/\/www.latempete.info\/index.php?rest_route=\/wp\/v2\/types\/post"}],"author":[{"embeddable":true,"href":"http:\/\/www.latempete.info\/index.php?rest_route=\/wp\/v2\/users\/1"}],"replies":[{"embeddable":true,"href":"http:\/\/www.latempete.info\/index.php?rest_route=%2Fwp%2Fv2%2Fcomments&post=70429"}],"version-history":[{"count":1,"href":"http:\/\/www.latempete.info\/index.php?rest_route=\/wp\/v2\/posts\/70429\/revisions"}],"predecessor-version":[{"id":70431,"href":"http:\/\/www.latempete.info\/index.php?rest_route=\/wp\/v2\/posts\/70429\/revisions\/70431"}],"wp:featuredmedia":[{"embeddable":true,"href":"http:\/\/www.latempete.info\/index.php?rest_route=\/wp\/v2\/media\/70430"}],"wp:attachment":[{"href":"http:\/\/www.latempete.info\/index.php?rest_route=%2Fwp%2Fv2%2Fmedia&parent=70429"}],"wp:term":[{"taxonomy":"category","embeddable":true,"href":"http:\/\/www.latempete.info\/index.php?rest_route=%2Fwp%2Fv2%2Fcategories&post=70429"},{"taxonomy":"post_tag","embeddable":true,"href":"http:\/\/www.latempete.info\/index.php?rest_route=%2Fwp%2Fv2%2Ftags&post=70429"}],"curies":[{"name":"wp","href":"https:\/\/api.w.org\/{rel}","templated":true}]}}