{"id":70441,"date":"2025-02-07T07:18:41","date_gmt":"2025-02-07T07:18:41","guid":{"rendered":"https:\/\/www.latempete.info\/?p=70441"},"modified":"2025-02-08T07:22:06","modified_gmt":"2025-02-08T07:22:06","slug":"goma-paralysie-des-activites-suite-a-un-meeting-du-m23","status":"publish","type":"post","link":"http:\/\/www.latempete.info\/?p=70441","title":{"rendered":"Goma : paralysie des activit\u00e9s suite \u00e0 un meeting du M23"},"content":{"rendered":"\n<p>Par YHR<\/p>\n\n\n\n<p>Les activit\u00e9s socio\u00e9conomiques ont tourn\u00e9 au ralenti, toute la matin\u00e9e, hier jeudi 6 f\u00e9vrier, dans la ville de Goma, suite \u00e0 la tenue du meeting des rebelles du Mouvement du 23 mars (M23), au stade de l&rsquo;Unit\u00e9. D&rsquo;apr\u00e8s le site radiookapi.net, plusieurs habitants joints sur place ont expliqu\u00e9 que boutiques, magasins et march\u00e9s n&rsquo;ont pas ouvert leurs portes.<\/p>\n\n\n\n<p>Appels avec menaces<\/p>\n\n\n\n<p>Les m\u00eames sources rapportent que les rebelles du M23, qui occupent la ville depuis quelques jours, appelaient avec menace toute la population \u00e0 un rassemblement au stade. Des menaces d&rsquo;interpellation, annonc\u00e9es, via un communiqu\u00e9 \u00e9mis par ces terroristes, \u00e0 l&rsquo;encontre de tout habitant qui ne se pr\u00e9senterait pas au stade.<\/p>\n\n\n\n<p>Des sources locales ont, en outre, pr\u00e9cis\u00e9 que ces rebelles pr\u00e9voyaient de pr\u00e9senter aux Gomatraciens, lors de ce rassemblement, les nouvelles autorit\u00e9s de l&rsquo;administration parall\u00e8le, install\u00e9es \u00e0 la t\u00eate de territoires qu&rsquo;ils occupent.<\/p>\n","protected":false},"excerpt":{"rendered":"<p>Par YHR Les activit\u00e9s socio\u00e9conomiques ont tourn\u00e9 au ralenti, toute la matin\u00e9e, hier jeudi 6 f\u00e9vrier, dans la ville de Goma, suite \u00e0 la tenue du meeting des rebelles du Mouvement du 23 mars (M23), au stade de l&rsquo;Unit\u00e9. D&rsquo;apr\u00e8s le site radiookapi.net, plusieurs habitants joints sur place ont expliqu\u00e9 que boutiques, magasins et march\u00e9s [&hellip;]<\/p>\n","protected":false},"author":1,"featured_media":70442,"comment_status":"closed","ping_status":"closed","sticky":false,"template":"","format":"standard","meta":{"footnotes":""},"categories":[136,134,25,10],"tags":[],"class_list":["post-70441","post","type-post","status-publish","format-standard","has-post-thumbnail","hentry","category-a-la-une","category-la-tempete-des-tropiques","category-province","category-societe"],"_links":{"self":[{"href":"http:\/\/www.latempete.info\/index.php?rest_route=\/wp\/v2\/posts\/70441"}],"collection":[{"href":"http:\/\/www.latempete.info\/index.php?rest_route=\/wp\/v2\/posts"}],"about":[{"href":"http:\/\/www.latempete.info\/index.php?rest_route=\/wp\/v2\/types\/post"}],"author":[{"embeddable":true,"href":"http:\/\/www.latempete.info\/index.php?rest_route=\/wp\/v2\/users\/1"}],"replies":[{"embeddable":true,"href":"http:\/\/www.latempete.info\/index.php?rest_route=%2Fwp%2Fv2%2Fcomments&post=70441"}],"version-history":[{"count":1,"href":"http:\/\/www.latempete.info\/index.php?rest_route=\/wp\/v2\/posts\/70441\/revisions"}],"predecessor-version":[{"id":70443,"href":"http:\/\/www.latempete.info\/index.php?rest_route=\/wp\/v2\/posts\/70441\/revisions\/70443"}],"wp:featuredmedia":[{"embeddable":true,"href":"http:\/\/www.latempete.info\/index.php?rest_route=\/wp\/v2\/media\/70442"}],"wp:attachment":[{"href":"http:\/\/www.latempete.info\/index.php?rest_route=%2Fwp%2Fv2%2Fmedia&parent=70441"}],"wp:term":[{"taxonomy":"category","embeddable":true,"href":"http:\/\/www.latempete.info\/index.php?rest_route=%2Fwp%2Fv2%2Fcategories&post=70441"},{"taxonomy":"post_tag","embeddable":true,"href":"http:\/\/www.latempete.info\/index.php?rest_route=%2Fwp%2Fv2%2Ftags&post=70441"}],"curies":[{"name":"wp","href":"https:\/\/api.w.org\/{rel}","templated":true}]}}