{"id":71220,"date":"2025-03-27T12:26:16","date_gmt":"2025-03-27T12:26:16","guid":{"rendered":"https:\/\/www.latempete.info\/?p=71220"},"modified":"2025-03-27T12:26:17","modified_gmt":"2025-03-27T12:26:17","slug":"le-film-coup-de-poing-fanon-attendu-pour-avril","status":"publish","type":"post","link":"http:\/\/www.latempete.info\/?p=71220","title":{"rendered":"Le film coup de poing \u00ab\u00a0Fanon\u00a0\u00bb attendu pour avril"},"content":{"rendered":"\n<p>Par YHR<\/p>\n\n\n\n<p>Un film sur Frantz Fanon doit sortir en avril prochain. Ce long-m\u00e9trage de 133 minutes r\u00e9alis\u00e9 par Jean-Claude Barny, d\u00e9bute en 1953. Originaire de la Martinique, le psychiatre fran\u00e7ais Frantz Fanon (Alexandre Bouyer) est nomm\u00e9 chef d&rsquo;une division de l&rsquo;h\u00f4pital psychiatrique de Blida, en Alg\u00e9rie, dans un contexte de colonisation. Le m\u00e9decin va y introduit des m\u00e9thodes tr\u00e8s modernes, comme la socioth\u00e9rapie ou psychoth\u00e9rapie institutionnelle, qu&rsquo;il adapte \u00e0 la culture des patients musulmans alg\u00e9riens. Ses id\u00e9es vont cependant s&rsquo;opposer aux th\u00e8ses racistes de l&rsquo;\u00c9cole alg\u00e9rienne de psychiatrie d&rsquo;Antoine Porot.<\/p>\n\n\n\n<p>Pas d&rsquo;autorisation pour tourner en Alg\u00e9rie<\/p>\n\n\n\n<p>\u00a0\u00bb Je ne voulais pas faire un film trop bavard, mais plut\u00f4t donner \u00e0 voir des images, des choses poignantes aux spectateurs et cr\u00e9er le sentiment qu&rsquo;ils participent \u00e0 l&rsquo;aventure de Fanon de l&rsquo;int\u00e9rieur \u00ab\u00a0, expliquait notamment le r\u00e9alisateur de 59 ans, interview\u00e9 pendant le Festival du film de Marrakech, o\u00f9 son film \u00e9tait pr\u00e9sent\u00e9 les 4 et 5 d\u00e9cembre 2024, en avant-premi\u00e8re.<\/p>\n\n\n\n<p>Ce nouveau film a mis dix ans \u00e0 voir le jour, en raison de \u00a0\u00bb contraintes financi\u00e8res \u00ab\u00a0, mais \u00e9galement pour parvenir \u00e0 apprivoiser la pens\u00e9e de Fanon, qui accompagne le r\u00e9alisateur depuis son adolescence.<\/p>\n\n\n\n<p>Faute d&rsquo;autorisation pour tourner en Alg\u00e9rie, Barny a d\u00e9plac\u00e9 son tournageen Tunisie. Il a dur\u00e9 deux mois, pour les plans ext\u00e9rieurs et au Luxembourg pour les s\u00e9quences en int\u00e9rieur. C&rsquo;est aussi en Tunisie que Frantz Fanon s&rsquo;\u00e9tait install\u00e9 en 1957, apr\u00e8s avoir d\u00fb quitter l&rsquo;Alg\u00e9rie.<\/p>\n\n\n\n<p>Parmi les autres protagonistes du film on trouve D\u00e9borah Fran\u00e7ois , dans le r\u00f4le de Josie, son \u00e9pouse. Il y a aussi Stanislas Merhar , incarnant le sergent Rolland.<\/p>\n\n\n\n<p>\u00ab\u00a0L&rsquo;Afrique a la forme d&rsquo;un revolver dont la g\u00e2chette se trouve au Congo\u00a0\u00bb<\/p>\n\n\n\n<p>Le vrai Frantz Fanon est n\u00e9 le 20 juillet 1925 \u00e0 Fort-de-France (Martinique).Ce psychiatre et essayiste de nationalit\u00e9 fran\u00e7aise se consid\u00e9rant comme citoyen alg\u00e9rien, fortement impliqu\u00e9 dans la lutte pour l&rsquo;ind\u00e9pendance de l&rsquo;Alg\u00e9rie et dans un combat international dressant une solidarit\u00e9 entre \u00ab\u00a0fr\u00e8res\u00a0\u00bb opprim\u00e9s.<\/p>\n\n\n\n<p>Il est l&rsquo;un des fondateurs du courant de pens\u00e9e tiers-mondiste, et une figure majeure de l&rsquo;anticolonialisme. Il a inspir\u00e9 les \u00e9tudes postcoloniales. Il cherche \u00e0 analyser les cons\u00e9quences psychologiques de la colonisation \u00e0 la fois sur le colon et sur le colonis\u00e9. Dans ses livres les plus connus comme \u00a0\u00bb Les Damn\u00e9s de la Terre \u00ab\u00a0, il analyse le processus de d\u00e9colonisation sous les angles sociologique, philosophique et psychiatrique.<\/p>\n\n\n\n<p>Fanon est mort le 6 d\u00e9cembre 1961 \u00e0 Bethesda, dans un h\u00f4pital militaire de la banlieue de Washington, aux \u00c9tats-Unis. \u00c0 sa demande, il fut inhum\u00e9 dans son pays d&rsquo;adoption, l&rsquo;Alg\u00e9rie.L&rsquo;homme est connu pour une de ses citations : \u00a0\u00bb L&rsquo;Afrique a la forme d&rsquo;un revolver dont la g\u00e2chette se trouve au Congo. \u00ab\u00a0<\/p>\n","protected":false},"excerpt":{"rendered":"<p>Par YHR Un film sur Frantz Fanon doit sortir en avril prochain. Ce long-m\u00e9trage de 133 minutes r\u00e9alis\u00e9 par Jean-Claude Barny, d\u00e9bute en 1953. Originaire de la Martinique, le psychiatre fran\u00e7ais Frantz Fanon (Alexandre Bouyer) est nomm\u00e9 chef d&rsquo;une division de l&rsquo;h\u00f4pital psychiatrique de Blida, en Alg\u00e9rie, dans un contexte de colonisation. Le m\u00e9decin va [&hellip;]<\/p>\n","protected":false},"author":1,"featured_media":0,"comment_status":"closed","ping_status":"closed","sticky":false,"template":"","format":"standard","meta":{"footnotes":""},"categories":[126,8,134],"tags":[],"class_list":["post-71220","post","type-post","status-publish","format-standard","hentry","category-cinema","category-culture-media","category-la-tempete-des-tropiques"],"_links":{"self":[{"href":"http:\/\/www.latempete.info\/index.php?rest_route=\/wp\/v2\/posts\/71220"}],"collection":[{"href":"http:\/\/www.latempete.info\/index.php?rest_route=\/wp\/v2\/posts"}],"about":[{"href":"http:\/\/www.latempete.info\/index.php?rest_route=\/wp\/v2\/types\/post"}],"author":[{"embeddable":true,"href":"http:\/\/www.latempete.info\/index.php?rest_route=\/wp\/v2\/users\/1"}],"replies":[{"embeddable":true,"href":"http:\/\/www.latempete.info\/index.php?rest_route=%2Fwp%2Fv2%2Fcomments&post=71220"}],"version-history":[{"count":1,"href":"http:\/\/www.latempete.info\/index.php?rest_route=\/wp\/v2\/posts\/71220\/revisions"}],"predecessor-version":[{"id":71221,"href":"http:\/\/www.latempete.info\/index.php?rest_route=\/wp\/v2\/posts\/71220\/revisions\/71221"}],"wp:attachment":[{"href":"http:\/\/www.latempete.info\/index.php?rest_route=%2Fwp%2Fv2%2Fmedia&parent=71220"}],"wp:term":[{"taxonomy":"category","embeddable":true,"href":"http:\/\/www.latempete.info\/index.php?rest_route=%2Fwp%2Fv2%2Fcategories&post=71220"},{"taxonomy":"post_tag","embeddable":true,"href":"http:\/\/www.latempete.info\/index.php?rest_route=%2Fwp%2Fv2%2Ftags&post=71220"}],"curies":[{"name":"wp","href":"https:\/\/api.w.org\/{rel}","templated":true}]}}