{"id":71504,"date":"2025-04-21T18:39:00","date_gmt":"2025-04-21T18:39:00","guid":{"rendered":"https:\/\/www.latempete.info\/?p=71504"},"modified":"2025-04-21T18:40:33","modified_gmt":"2025-04-21T18:40:33","slug":"environnement-politique-en-rdc-joseph-kabila-desacralise","status":"publish","type":"post","link":"http:\/\/www.latempete.info\/?p=71504","title":{"rendered":"Environnement politique en RDC : Joseph Kabila d\u00e9sacralis\u00e9"},"content":{"rendered":"\n<p>Par MKM<\/p>\n\n\n\n<p>Le Gouvernement en place en R\u00e9publique D\u00e9mocratique du Congo a pris des mesures contre l\u2019ex Chef d\u2019 \u00c9tat, assombrissant par l\u00e0- m\u00eame l\u2019avenir de ses alli\u00e9s locaux. Il s\u2019agit de l\u2019engagement des poursuites judiciaires et de la saisie de tous ses biens ainsi que de la suspension de toutes les activit\u00e9s du Part du Peuple pour la Reconstruction et la D\u00e9mocratie (PPRD), sa formation politique.<\/p>\n\n\n\n<p>Le Ministre d\u2019 \u00c9tat, Ministre de la Justice et Garde des Sceaux a d\u00e9gain\u00e9 contre l\u2019ancien Pr\u00e9sident de la R\u00e9publique. A travers son communiqu\u00e9 N\u00b0 098, Constant Mutamba Tungunga donne injonction \u00e0 l\u2019Auditeur G\u00e9n\u00e9ral des FARDC, ainsi qu\u2019au Procureur G\u00e9n\u00e9ral pr\u00e8s la Cour de Cassation, d\u2019engager des poursuites judiciaires contre M. Joseph Kabila Kabange pour sa participation \u00e0 l\u2019agression men\u00e9e par le Rwanda \u00e0 travers le mouvement terroriste Alliance Fleuve Congo\/Mouvement du 23 Mars (AFC\/M23).<\/p>\n\n\n\n<p>Le crocodile de Lubao, comme on surnomme Mutamba, a aussi instruit la proc\u00e9dure relative \u00e0 la saisie de l\u2019ensemble de ses biens mobiliers et immobiliers. Il en est aussi des mesures de restriction de mouvement \u00e0 l\u2019encontre de tous ses collaborateurs dans cette affaire, qualifi\u00e9e de haute trahison \u00e0 l\u2019\u00e9gard de la Nation.<br>De son c\u00f4t\u00e9, le Vice-Premier Ministre en charge de l\u2019Int\u00e9rieur, S\u00e9curit\u00e9, D\u00e9centralisation et Affaires coutumi\u00e8res a, le 19 avril, tir\u00e9 toutes les cons\u00e9quences de l\u2019attitude ambigu\u00eb de l\u2019ancien Pr\u00e9sident de la R\u00e9publique et Autorit\u00e9 morale du parti politique PPRD, face \u00e0 l\u2019occupation d\u2019une partie du pays du territoire national par l\u2019arm\u00e9e rwandaise et ses suppl\u00e9tifs du M23\/AFC. Le choix d\u00e9lib\u00e9r\u00e9 de Joseph Kabila de rentrer au pays par la partie sous contr\u00f4le ennemi a \u00e9galement amplifie la m\u00e9fiance avec plusieurs habitants de la RDC qu\u2019il a eu \u00e0 diriger 22 ans durant.<\/p>\n\n\n\n<p>Jacquemain Shabani Lukoo Bihango a, conform\u00e9ment \u00e0 la loi portant organisation et fonctionnement des partis politiques, suspendu sur toute l\u2019\u00e9tendue du territoire national les activit\u00e9s du PPRD. Ce membre du gouvernement compte saisir la Cour Constitutionnel pour porter les faits.<br>*Avec la d\u2019\u00e9ch\u00e9ance du PPRD, on ne voit pas le FCC se mouvoir. La formation politique phare \u00e9tant mise\u00a0en\u00a0veilleuse.<\/p>\n","protected":false},"excerpt":{"rendered":"<p>Par MKM Le Gouvernement en place en R\u00e9publique D\u00e9mocratique du Congo a pris des mesures contre l\u2019ex Chef d\u2019 \u00c9tat, assombrissant par l\u00e0- m\u00eame l\u2019avenir de ses alli\u00e9s locaux. Il s\u2019agit de l\u2019engagement des poursuites judiciaires et de la saisie de tous ses biens ainsi que de la suspension de toutes les activit\u00e9s du Part [&hellip;]<\/p>\n","protected":false},"author":1,"featured_media":71505,"comment_status":"closed","ping_status":"closed","sticky":false,"template":"","format":"standard","meta":{"footnotes":""},"categories":[136,134,130,5],"tags":[],"class_list":["post-71504","post","type-post","status-publish","format-standard","has-post-thumbnail","hentry","category-a-la-une","category-la-tempete-des-tropiques","category-nation","category-politique"],"_links":{"self":[{"href":"http:\/\/www.latempete.info\/index.php?rest_route=\/wp\/v2\/posts\/71504"}],"collection":[{"href":"http:\/\/www.latempete.info\/index.php?rest_route=\/wp\/v2\/posts"}],"about":[{"href":"http:\/\/www.latempete.info\/index.php?rest_route=\/wp\/v2\/types\/post"}],"author":[{"embeddable":true,"href":"http:\/\/www.latempete.info\/index.php?rest_route=\/wp\/v2\/users\/1"}],"replies":[{"embeddable":true,"href":"http:\/\/www.latempete.info\/index.php?rest_route=%2Fwp%2Fv2%2Fcomments&post=71504"}],"version-history":[{"count":1,"href":"http:\/\/www.latempete.info\/index.php?rest_route=\/wp\/v2\/posts\/71504\/revisions"}],"predecessor-version":[{"id":71506,"href":"http:\/\/www.latempete.info\/index.php?rest_route=\/wp\/v2\/posts\/71504\/revisions\/71506"}],"wp:featuredmedia":[{"embeddable":true,"href":"http:\/\/www.latempete.info\/index.php?rest_route=\/wp\/v2\/media\/71505"}],"wp:attachment":[{"href":"http:\/\/www.latempete.info\/index.php?rest_route=%2Fwp%2Fv2%2Fmedia&parent=71504"}],"wp:term":[{"taxonomy":"category","embeddable":true,"href":"http:\/\/www.latempete.info\/index.php?rest_route=%2Fwp%2Fv2%2Fcategories&post=71504"},{"taxonomy":"post_tag","embeddable":true,"href":"http:\/\/www.latempete.info\/index.php?rest_route=%2Fwp%2Fv2%2Ftags&post=71504"}],"curies":[{"name":"wp","href":"https:\/\/api.w.org\/{rel}","templated":true}]}}