{"id":71584,"date":"2025-04-24T19:23:21","date_gmt":"2025-04-24T19:23:21","guid":{"rendered":"https:\/\/www.latempete.info\/?p=71584"},"modified":"2025-04-24T19:23:40","modified_gmt":"2025-04-24T19:23:40","slug":"naufrage-sur-le-fleuve-le-gouvernement-dresse-le-bilan-le-rapport-du-vpm-j-p-bemba-fait-etat-de-5-morts-et-15-rescapes","status":"publish","type":"post","link":"http:\/\/www.latempete.info\/?p=71584","title":{"rendered":"Naufrage sur le fleuve : le Gouvernement dresse le bilan : Le rapport du VPM J.P Bemba fait \u00e9tat de 5 morts et 15 rescap\u00e9s"},"content":{"rendered":"\n<p>Par Armando Mananasi<\/p>\n\n\n\n<p>Le Vice premier ministre en charge des Transports, Voies de communication et D\u00e9senclavement, Jean-Pierre Bemba Gombo, a dress\u00e9 le bilan officiel du naufrage survenu le mardi 22 avril sur le fleuve Congo.<\/p>\n\n\n\n<p>\u00abDes \u00e9l\u00e9ments en ma possession font \u00e9tat de 15 rescap\u00e9s, sauv\u00e9s gr\u00e2ce au port du gilet de sauvetage\u00bb. Il d\u00e9plore cependant la disparition de 5 personnes, dont 3 adultes et 2 enfants. \u00ab\u00a0Les recherches se poursuivent\u00a0\u00bb, a encore pr\u00e9cis\u00e9 JP Bemba, tout en indiquant que les enqu\u00eates sont en cours pour d\u00e9terminer les causes de l\u2019accident du canot battant pavillon de la R\u00e9publique du Congo.\u201cLe VPM a \u00e9galement saisi cette occasion pour pr\u00e9senter ses condol\u00e9ances aux familles \u00e9plor\u00e9es et a rappel\u00e9 le contenu de sa correspondance du 04 octobre 2024 exigeant le port obligatoire du gilet de sauvetage par tous les passagers maritimes, fluviaux et lacustres.<\/p>\n\n\n\n<p>\u201cSelon certains t\u00e9moins de ce drame, le canot rapide Transpool de Brazzaville qui s&rsquo;est renvers\u00e9 aurait heurt\u00e9 une branche d&rsquo;arbre sous-marine. Des passagers ayant perdu la vie n\u2019auraient pas enfiler convenablement leurs gilets de sauvetage.\u201cPlusieurs voix se l\u00e8vent pour r\u00e9clamer l\u2019accompagnement du gouvernement dans l\u2019application stricte des mesures de pr\u00e9vention, pour renfoncer une bonne navigation sur le fleuve Congo, les rivi\u00e8res, et les lacs o\u00f9 les cas de naufrages sont devenus de plus en plus fr\u00e9quents, causant des pertes en vies humaines et d\u2019importants d\u00e9g\u00e2ts mat\u00e9riels.<\/p>\n","protected":false},"excerpt":{"rendered":"<p>Par Armando Mananasi Le Vice premier ministre en charge des Transports, Voies de communication et D\u00e9senclavement, Jean-Pierre Bemba Gombo, a dress\u00e9 le bilan officiel du naufrage survenu le mardi 22 avril sur le fleuve Congo. \u00abDes \u00e9l\u00e9ments en ma possession font \u00e9tat de 15 rescap\u00e9s, sauv\u00e9s gr\u00e2ce au port du gilet de sauvetage\u00bb. Il d\u00e9plore [&hellip;]<\/p>\n","protected":false},"author":1,"featured_media":71585,"comment_status":"closed","ping_status":"closed","sticky":false,"template":"","format":"standard","meta":{"footnotes":""},"categories":[136,134,10],"tags":[],"class_list":["post-71584","post","type-post","status-publish","format-standard","has-post-thumbnail","hentry","category-a-la-une","category-la-tempete-des-tropiques","category-societe"],"_links":{"self":[{"href":"http:\/\/www.latempete.info\/index.php?rest_route=\/wp\/v2\/posts\/71584"}],"collection":[{"href":"http:\/\/www.latempete.info\/index.php?rest_route=\/wp\/v2\/posts"}],"about":[{"href":"http:\/\/www.latempete.info\/index.php?rest_route=\/wp\/v2\/types\/post"}],"author":[{"embeddable":true,"href":"http:\/\/www.latempete.info\/index.php?rest_route=\/wp\/v2\/users\/1"}],"replies":[{"embeddable":true,"href":"http:\/\/www.latempete.info\/index.php?rest_route=%2Fwp%2Fv2%2Fcomments&post=71584"}],"version-history":[{"count":1,"href":"http:\/\/www.latempete.info\/index.php?rest_route=\/wp\/v2\/posts\/71584\/revisions"}],"predecessor-version":[{"id":71586,"href":"http:\/\/www.latempete.info\/index.php?rest_route=\/wp\/v2\/posts\/71584\/revisions\/71586"}],"wp:featuredmedia":[{"embeddable":true,"href":"http:\/\/www.latempete.info\/index.php?rest_route=\/wp\/v2\/media\/71585"}],"wp:attachment":[{"href":"http:\/\/www.latempete.info\/index.php?rest_route=%2Fwp%2Fv2%2Fmedia&parent=71584"}],"wp:term":[{"taxonomy":"category","embeddable":true,"href":"http:\/\/www.latempete.info\/index.php?rest_route=%2Fwp%2Fv2%2Fcategories&post=71584"},{"taxonomy":"post_tag","embeddable":true,"href":"http:\/\/www.latempete.info\/index.php?rest_route=%2Fwp%2Fv2%2Ftags&post=71584"}],"curies":[{"name":"wp","href":"https:\/\/api.w.org\/{rel}","templated":true}]}}