{"id":71915,"date":"2025-06-05T21:09:01","date_gmt":"2025-06-05T21:09:01","guid":{"rendered":"https:\/\/www.latempete.info\/?p=71915"},"modified":"2025-06-05T21:09:02","modified_gmt":"2025-06-05T21:09:02","slug":"le-rappeur-damso-annonce-sa-retraite-avec-un-nouvel-album","status":"publish","type":"post","link":"http:\/\/www.latempete.info\/?p=71915","title":{"rendered":"Le rappeur Damso annonce sa retraite avec un nouvel album"},"content":{"rendered":"\n<p>Par YHR<\/p>\n\n\n\n<p>Le rappeur belge d&rsquo;origine rd congolaise Damso a annonc\u00e9 prendre sa retraite avec son 6\u00e8me album, intitul\u00e9 \u00ab\u00a0B?Y?H\u00a0\u00bb. L&rsquo;homme a laiss\u00e9 entendre \u00eatre fatigu\u00e9 du succ\u00e8s et de la surexposition m\u00e9diatique. \u00c0 33 ans, le jeune retrait\u00e9 peut se pencher avec fiert\u00e9 sur sa \u00a0\u00bb carri\u00e8re \u00ab\u00a0.<\/p>\n\n\n\n<p>N\u00e9 William Kalubi Mwamba le 10 mai 1992 \u00e0 Kinshasa, de Rose, une m\u00e8re sociologue et de Marcel, un p\u00e8re cardiologue, il doit quitter la R\u00e9publique D\u00e9mocratique du Congo alors qu&rsquo;il a neuf ans, suite \u00e0 la guerre. La famille s&rsquo;installe en Belgique.<\/p>\n\n\n\n<p>Le prot\u00e9g\u00e9 s&rsquo;\u00e9mancipe de son mentor, Booba<\/p>\n\n\n\n<p>Damso se fait conna\u00eetre en 2015, avec son tube \u00a0\u00bb Pos\u00e9idon \u00ab\u00a0, paru sur la mixtape \u00a0\u00bb OKLM \u00ab\u00a0, du rappeur fran\u00e7ais Booba. \u00c0 la suite de cela, le jeune kickeur rejoint le 92i, collectif cr\u00e9\u00e9 par \u00a0\u00bb B2O \u00ab\u00a0. Il fait une apparition sur l&rsquo;album \u00a0\u00bb Nero Nemesis \u00ab\u00a0, du \u00ab\u00a0Duc \u00ab\u00a0, sur le morceau \u00a0\u00bb Pinocchio \u00ab\u00a0, en collaboration avec le rappeur Gato Da Bato. Toujours en 2015, le rappeur belge sort la chanson \u00a0\u00bb Black \u00ab\u00a0, principale musique de la bande originale du film dramatique du m\u00eame nom, r\u00e9alis\u00e9 par Adil El Arbi et Bilall Fallah. Son premier album, intitul\u00e9 \u00a0\u00bb Batterie faible \u00ab\u00a0, sort le 8 juillet 2016.<\/p>\n\n\n\n<p>Le 28 avril 2017 Damso sort \u00a0\u00bb Ips\u00e9it\u00e9 \u00ab\u00a0, son 2\u00e8me album. En mars 2018, durant la semaine internationale des droits des femmes, la F\u00e9d\u00e9ration Royale Belge de Football annonce renoncer \u00e0 sa collaboration avec l&rsquo;artiste, en raison des paroles \u00a0\u00bb sexistes \u00a0\u00bb de ce dernier, bien que Damso ait d\u00e9j\u00e0 compos\u00e9 la musique qui devait en \u00eatre l&rsquo;hymne. Le morceau s&rsquo;intitule \u00a0\u00bb Humains \u00a0\u00bb et le rappeur d\u00e9cide de le mettre en tant que piste bonus sur son 3\u00e8me album, \u00a0\u00bb Lithop\u00e9dion \u00ab\u00a0. L&rsquo;opus fuite le 13 juin 2018, mais est tout de m\u00eame certifi\u00e9 triple disque de platine, en juin 2019.<\/p>\n\n\n\n<p>Conflit avec la F\u00e9d\u00e9ration Royale Belge de Football<\/p>\n\n\n\n<p>En 2017, il devient p\u00e8re d&rsquo;un gar\u00e7on pr\u00e9nomm\u00e9 Lior. En 2020, il lui d\u00e9die le morceau \u00a0\u00bb Deux toiles de mer \u00ab\u00a0, qui est l&rsquo;un des plus gros succ\u00e8s de son 4\u00e8me album, \u00a0\u00bb QALF \u00ab\u00a0. Une note vocale de son fils est d&rsquo;ailleurs pr\u00e9sente sur le son. S\u00e9par\u00e9 de la m\u00e8re de son fils, il se met en couple en 2022 avec Didi-Stone, le mannequin, fille du chanteur Koffi Olomide.<\/p>\n\n\n\n<p>En 2025, il officialise sont couple avec Milla Lapidus, fille du cr\u00e9ateur de mode fran\u00e7ais Olivier Lapidus et petite fille de Miss France 1955, V\u00e9ronique Zuber. En mars de la m\u00eame ann\u00e9e, le rappeur devient le nouvel ambassadeur du \u00a0\u00bb Sidaction \u00a0\u00bb en participant \u00e0 un projet r\u00e9unissant 18 artistes, dont lui-m\u00eame.<\/p>\n","protected":false},"excerpt":{"rendered":"<p>Par YHR Le rappeur belge d&rsquo;origine rd congolaise Damso a annonc\u00e9 prendre sa retraite avec son 6\u00e8me album, intitul\u00e9 \u00ab\u00a0B?Y?H\u00a0\u00bb. L&rsquo;homme a laiss\u00e9 entendre \u00eatre fatigu\u00e9 du succ\u00e8s et de la surexposition m\u00e9diatique. \u00c0 33 ans, le jeune retrait\u00e9 peut se pencher avec fiert\u00e9 sur sa \u00a0\u00bb carri\u00e8re \u00ab\u00a0. N\u00e9 William Kalubi Mwamba le 10 [&hellip;]<\/p>\n","protected":false},"author":1,"featured_media":0,"comment_status":"closed","ping_status":"closed","sticky":false,"template":"","format":"standard","meta":{"footnotes":""},"categories":[8,134,29],"tags":[],"class_list":["post-71915","post","type-post","status-publish","format-standard","hentry","category-culture-media","category-la-tempete-des-tropiques","category-musique"],"_links":{"self":[{"href":"http:\/\/www.latempete.info\/index.php?rest_route=\/wp\/v2\/posts\/71915"}],"collection":[{"href":"http:\/\/www.latempete.info\/index.php?rest_route=\/wp\/v2\/posts"}],"about":[{"href":"http:\/\/www.latempete.info\/index.php?rest_route=\/wp\/v2\/types\/post"}],"author":[{"embeddable":true,"href":"http:\/\/www.latempete.info\/index.php?rest_route=\/wp\/v2\/users\/1"}],"replies":[{"embeddable":true,"href":"http:\/\/www.latempete.info\/index.php?rest_route=%2Fwp%2Fv2%2Fcomments&post=71915"}],"version-history":[{"count":1,"href":"http:\/\/www.latempete.info\/index.php?rest_route=\/wp\/v2\/posts\/71915\/revisions"}],"predecessor-version":[{"id":71916,"href":"http:\/\/www.latempete.info\/index.php?rest_route=\/wp\/v2\/posts\/71915\/revisions\/71916"}],"wp:attachment":[{"href":"http:\/\/www.latempete.info\/index.php?rest_route=%2Fwp%2Fv2%2Fmedia&parent=71915"}],"wp:term":[{"taxonomy":"category","embeddable":true,"href":"http:\/\/www.latempete.info\/index.php?rest_route=%2Fwp%2Fv2%2Fcategories&post=71915"},{"taxonomy":"post_tag","embeddable":true,"href":"http:\/\/www.latempete.info\/index.php?rest_route=%2Fwp%2Fv2%2Ftags&post=71915"}],"curies":[{"name":"wp","href":"https:\/\/api.w.org\/{rel}","templated":true}]}}